{"id":303,"date":"2013-06-28T19:31:39","date_gmt":"2013-06-28T17:31:39","guid":{"rendered":"http:\/\/web.morosycristianosdeaspe.es\/?p=303"},"modified":"2013-08-01T01:03:52","modified_gmt":"2013-07-31T23:03:52","slug":"presentacion-de-cargos-festeros-de-la-comparsa-duque-de-maqueda","status":"publish","type":"post","link":"https:\/\/web.morosycristianosdeaspe.es\/?p=303","title":{"rendered":"Presentaci\u00f3n de cargos festeros de la comparsa Duque de Maqueda"},"content":{"rendered":"<p>El pasado s\u00e1bado 22 de junio tuvo lugar la presentaci\u00f3n de cargos 2013, de la comparsa de cristianos Duque de Maqueda, en el cuartelillo de la asociaci\u00f3n, que este a\u00f1o tambi\u00e9n celebra el trig\u00e9simoquinto aniversario de su fundaci\u00f3n.<\/p>\n<p><img loading=\"lazy\" decoding=\"async\" class=\"alignleft size-medium wp-image-306\" alt=\"IMG_2427\" src=\"https:\/\/web.morosycristianosdeaspe.es\/wp-content\/uploads\/2013\/06\/IMG_2427-300x168.jpg\" width=\"300\" height=\"168\" srcset=\"https:\/\/web.morosycristianosdeaspe.es\/wp-content\/uploads\/2013\/06\/IMG_2427-300x168.jpg 300w, https:\/\/web.morosycristianosdeaspe.es\/wp-content\/uploads\/2013\/06\/IMG_2427.jpg 600w\" sizes=\"auto, (max-width: 300px) 100vw, 300px\" \/>Antes del acto protocolario, tuvo lugar una magn\u00edfica cena servida por catering Ya a ciento ochenta personas, entre las que se encontraban el Alcalde de Aspe, Manuel D\u00edez, la concejala de Fiestas, Nieves Mart\u00ednez, el Presidente de la Undef, Francisco L\u00f3pez y el Presidente de la Uni\u00f3n de Moros y Cristianos Virgen de las Nieves, Francisco Vives. Posteriormente, el acto protoclario de la presentaci\u00f3n tuvo como animadores a Aroa Miralles, Ian Cerd\u00e1n y Antonio Brufal Grac\u00eda, quienes \u00abmanejaron\u00bb perfectamente la situaci\u00f3n en todo momento. El preg\u00f3n estuvo a cargo del festero\u00a0Antonio Calero Prieto, quien emocion\u00f3 a todos los presentes con un precioso discurso.<\/p>\n<p>La Orquesta Shakira ameniz\u00f3 una verbena posterior, que se prolong\u00f3 hasta bien avanzada la madrugada con presencia de unas seiscientas personas.<\/p>\n<p><img loading=\"lazy\" decoding=\"async\" class=\"alignleft size-medium wp-image-305\" alt=\"IMG_2441w\" src=\"https:\/\/web.morosycristianosdeaspe.es\/wp-content\/uploads\/2013\/06\/IMG_2441w-300x168.jpg\" width=\"300\" height=\"168\" srcset=\"https:\/\/web.morosycristianosdeaspe.es\/wp-content\/uploads\/2013\/06\/IMG_2441w-300x168.jpg 300w, https:\/\/web.morosycristianosdeaspe.es\/wp-content\/uploads\/2013\/06\/IMG_2441w.jpg 600w\" sizes=\"auto, (max-width: 300px) 100vw, 300px\" \/>El cargo de capit\u00e1n 2013 ser\u00e1 ostentado por <strong>Juli\u00e1n Rodriguez Santamar\u00eda<\/strong>, quien aunque goza de antecedentes familiares en la comparsa, debutar\u00e1 desfilando a caballo,\u00a0y\u00a0la abanderada, su novia, <strong>Paula Mu\u00f1oz P\u00e9rez<\/strong>, que pertenece a la Fil\u00e1 Damas de Aquitania. Desde aqu\u00ed les deseamos que disfruten plenamente de sus cargos.<\/p>\n<p>Lamentar el accidente que sufrieron Isabel y Javier, pero celebrar la evoluci\u00f3n positiva de ambos.<\/p>\n","protected":false},"excerpt":{"rendered":"<p>El pasado s\u00e1bado 22 de junio tuvo lugar la presentaci\u00f3n de cargos 2013, de la comparsa de cristianos Duque de Maqueda, en el cuartelillo de la asociaci\u00f3n, que este a\u00f1o tambi\u00e9n celebra el trig\u00e9simoquinto aniversario de su fundaci\u00f3n. Antes del acto protocolario, tuvo lugar una magn\u00edfica cena servida por catering Ya a ciento ochenta personas, [&hellip;]<\/p>\n","protected":false},"author":1,"featured_media":0,"comment_status":"closed","ping_status":"closed","sticky":false,"template":"","format":"standard","meta":{"footnotes":""},"categories":[16,15,23],"tags":[],"class_list":["post-303","post","type-post","status-publish","format-standard","hentry","category-actos-oficiales","category-comparsas","category-duque-de-maqueda"],"_links":{"self":[{"href":"https:\/\/web.morosycristianosdeaspe.es\/index.php?rest_route=\/wp\/v2\/posts\/303","targetHints":{"allow":["GET"]}}],"collection":[{"href":"https:\/\/web.morosycristianosdeaspe.es\/index.php?rest_route=\/wp\/v2\/posts"}],"about":[{"href":"https:\/\/web.morosycristianosdeaspe.es\/index.php?rest_route=\/wp\/v2\/types\/post"}],"author":[{"embeddable":true,"href":"https:\/\/web.morosycristianosdeaspe.es\/index.php?rest_route=\/wp\/v2\/users\/1"}],"replies":[{"embeddable":true,"href":"https:\/\/web.morosycristianosdeaspe.es\/index.php?rest_route=%2Fwp%2Fv2%2Fcomments&post=303"}],"version-history":[{"count":6,"href":"https:\/\/web.morosycristianosdeaspe.es\/index.php?rest_route=\/wp\/v2\/posts\/303\/revisions"}],"predecessor-version":[{"id":365,"href":"https:\/\/web.morosycristianosdeaspe.es\/index.php?rest_route=\/wp\/v2\/posts\/303\/revisions\/365"}],"wp:attachment":[{"href":"https:\/\/web.morosycristianosdeaspe.es\/index.php?rest_route=%2Fwp%2Fv2%2Fmedia&parent=303"}],"wp:term":[{"taxonomy":"category","embeddable":true,"href":"https:\/\/web.morosycristianosdeaspe.es\/index.php?rest_route=%2Fwp%2Fv2%2Fcategories&post=303"},{"taxonomy":"post_tag","embeddable":true,"href":"https:\/\/web.morosycristianosdeaspe.es\/index.php?rest_route=%2Fwp%2Fv2%2Ftags&post=303"}],"curies":[{"name":"wp","href":"https:\/\/api.w.org\/{rel}","templated":true}]}}