{"id":312,"date":"2013-07-20T10:20:25","date_gmt":"2013-07-20T08:20:25","guid":{"rendered":"http:\/\/web.morosycristianosdeaspe.es\/?p=312"},"modified":"2013-07-31T23:58:58","modified_gmt":"2013-07-31T21:58:58","slug":"presentacion-de-la-revista-aspis-2013","status":"publish","type":"post","link":"https:\/\/web.morosycristianosdeaspe.es\/?p=312","title":{"rendered":"Presentaci\u00f3n de la Revista Aspis 2013"},"content":{"rendered":"<p><a href=\"https:\/\/web.morosycristianosdeaspe.es\/wp-content\/uploads\/2013\/07\/Portada.jpg\"><img loading=\"lazy\" decoding=\"async\" class=\"size-medium wp-image-320 alignleft\" alt=\"Portada\" src=\"https:\/\/web.morosycristianosdeaspe.es\/wp-content\/uploads\/2013\/07\/Portada-209x300.jpg\" width=\"271\" height=\"388\" srcset=\"https:\/\/web.morosycristianosdeaspe.es\/wp-content\/uploads\/2013\/07\/Portada-209x300.jpg 209w, https:\/\/web.morosycristianosdeaspe.es\/wp-content\/uploads\/2013\/07\/Portada.jpg 479w\" sizes=\"auto, (max-width: 271px) 100vw, 271px\" \/><\/a>El pasado viernes se present\u00f3 en el Teatro Wagner la revista Aspis 2013.<\/p>\n<p>El acto fue introducido por Carlos Aznar, con un breve recorrido por la historia de los diez n\u00fameros publicados, presentando a los componentes de<img loading=\"lazy\" decoding=\"async\" class=\"alignright size-medium wp-image-318\" alt=\"Aspis2013\" src=\"https:\/\/web.morosycristianosdeaspe.es\/wp-content\/uploads\/2013\/07\/aspis2013w-300x145.jpg\" width=\"339\" height=\"164\" srcset=\"https:\/\/web.morosycristianosdeaspe.es\/wp-content\/uploads\/2013\/07\/aspis2013w-300x145.jpg 300w, https:\/\/web.morosycristianosdeaspe.es\/wp-content\/uploads\/2013\/07\/aspis2013w.jpg 800w\" sizes=\"auto, (max-width: 339px) 100vw, 339px\" \/> la mesa<\/p>\n<p>Rafael And\u00fajar realiz\u00f3 un exahustivo recorrido por cada una de las p\u00e1ginas de la revista, destacando frases de cada uno de los art\u00edculos publicados. Tambi\u00e9n anunci\u00f3 la rebaja en un 40% del precio de la revista, que queda en 3\u20ac.<\/p>\n<p>Posteriormente, Antonio Miralles Boix y Gin\u00e9s Mart\u00ednez explicaron las novedades introducidas en los actos oficiales de las Fiestas 2013, mediante la proyecci\u00f3n del nuevo programa de fiestas, el cual se presenta muy detallado incluyendo adem\u00e1s de los habituales horarios, planos de los recorridos de cada uno de los actos. As\u00ed mismo, este a\u00f1o se han incluido el orden de las fil\u00e1s que conformas cada una de las dos entradas y los nombres y fotograf\u00edas de los cargos festeros 2013.<\/p>\n<p><img loading=\"lazy\" decoding=\"async\" class=\" wp-image-319 alignleft\" alt=\"mesa-Aspis\" src=\"https:\/\/web.morosycristianosdeaspe.es\/wp-content\/uploads\/2013\/07\/mesa-Aspis.jpg\" width=\"288\" height=\"215\" srcset=\"https:\/\/web.morosycristianosdeaspe.es\/wp-content\/uploads\/2013\/07\/mesa-Aspis.jpg 800w, https:\/\/web.morosycristianosdeaspe.es\/wp-content\/uploads\/2013\/07\/mesa-Aspis-300x223.jpg 300w\" sizes=\"auto, (max-width: 288px) 100vw, 288px\" \/>A continuaci\u00f3n, Francisco Vives present\u00f3 las colgaduras que la junta Central pone a disposici\u00f3n de los festeros con el fin de ir dando ambiente de Fiestas de Moros y Cristianos a las calles de nuestro pueblo.<\/p>\n<p>La clausura del acto corri\u00f3 a cargo del Alcalde de Aspe, D. Manuel D\u00edez.<\/p>\n","protected":false},"excerpt":{"rendered":"<p>El pasado viernes se present\u00f3 en el Teatro Wagner la revista Aspis 2013. El acto fue introducido por Carlos Aznar, con un breve recorrido por la historia de los diez n\u00fameros publicados, presentando a los componentes de la mesa Rafael And\u00fajar realiz\u00f3 un exahustivo recorrido por cada una de las p\u00e1ginas de la revista, destacando [&hellip;]<\/p>\n","protected":false},"author":1,"featured_media":0,"comment_status":"closed","ping_status":"closed","sticky":false,"template":"","format":"standard","meta":{"footnotes":""},"categories":[16],"tags":[],"class_list":["post-312","post","type-post","status-publish","format-standard","hentry","category-actos-oficiales"],"_links":{"self":[{"href":"https:\/\/web.morosycristianosdeaspe.es\/index.php?rest_route=\/wp\/v2\/posts\/312","targetHints":{"allow":["GET"]}}],"collection":[{"href":"https:\/\/web.morosycristianosdeaspe.es\/index.php?rest_route=\/wp\/v2\/posts"}],"about":[{"href":"https:\/\/web.morosycristianosdeaspe.es\/index.php?rest_route=\/wp\/v2\/types\/post"}],"author":[{"embeddable":true,"href":"https:\/\/web.morosycristianosdeaspe.es\/index.php?rest_route=\/wp\/v2\/users\/1"}],"replies":[{"embeddable":true,"href":"https:\/\/web.morosycristianosdeaspe.es\/index.php?rest_route=%2Fwp%2Fv2%2Fcomments&post=312"}],"version-history":[{"count":6,"href":"https:\/\/web.morosycristianosdeaspe.es\/index.php?rest_route=\/wp\/v2\/posts\/312\/revisions"}],"predecessor-version":[{"id":314,"href":"https:\/\/web.morosycristianosdeaspe.es\/index.php?rest_route=\/wp\/v2\/posts\/312\/revisions\/314"}],"wp:attachment":[{"href":"https:\/\/web.morosycristianosdeaspe.es\/index.php?rest_route=%2Fwp%2Fv2%2Fmedia&parent=312"}],"wp:term":[{"taxonomy":"category","embeddable":true,"href":"https:\/\/web.morosycristianosdeaspe.es\/index.php?rest_route=%2Fwp%2Fv2%2Fcategories&post=312"},{"taxonomy":"post_tag","embeddable":true,"href":"https:\/\/web.morosycristianosdeaspe.es\/index.php?rest_route=%2Fwp%2Fv2%2Ftags&post=312"}],"curies":[{"name":"wp","href":"https:\/\/api.w.org\/{rel}","templated":true}]}}