{"id":315,"date":"2013-07-18T10:10:45","date_gmt":"2013-07-18T08:10:45","guid":{"rendered":"http:\/\/web.morosycristianosdeaspe.es\/?p=315"},"modified":"2013-07-31T23:58:39","modified_gmt":"2013-07-31T21:58:39","slug":"cena-de-presentacion-de-cargos-al-pueblo-27-de-julio-de-2013","status":"publish","type":"post","link":"https:\/\/web.morosycristianosdeaspe.es\/?p=315","title":{"rendered":"Cena de presentaci\u00f3n de cargos al Pueblo 27 de Julio de 2013"},"content":{"rendered":"<p>La cena de gala que tradicionalmente se celebra despu\u00e9s del acto de presentaci\u00f3n de Cargos al Pueblo, este a\u00f1o se realizar\u00e1 en el restaurante \u00abLa Riera\u00bb.<\/p>\n<p>El precio del men\u00fa es de 25\u20ac por persona.<\/p>\n<p>Las comparsas tienen de plazo para notificar a la Junta Central el n\u00famero de comensales hasta el pr\u00f3ximo mi\u00e9rcoles d\u00eda 24 de julio.<\/p>\n","protected":false},"excerpt":{"rendered":"<p>La cena de gala que tradicionalmente se celebra despu\u00e9s del acto de presentaci\u00f3n de Cargos al Pueblo, este a\u00f1o se realizar\u00e1 en el restaurante \u00abLa Riera\u00bb. El precio del men\u00fa es de 25\u20ac por persona. Las comparsas tienen de plazo para notificar a la Junta Central el n\u00famero de comensales hasta el pr\u00f3ximo mi\u00e9rcoles d\u00eda [&hellip;]<\/p>\n","protected":false},"author":1,"featured_media":0,"comment_status":"closed","ping_status":"closed","sticky":false,"template":"","format":"standard","meta":{"footnotes":""},"categories":[16],"tags":[],"class_list":["post-315","post","type-post","status-publish","format-standard","hentry","category-actos-oficiales"],"_links":{"self":[{"href":"https:\/\/web.morosycristianosdeaspe.es\/index.php?rest_route=\/wp\/v2\/posts\/315","targetHints":{"allow":["GET"]}}],"collection":[{"href":"https:\/\/web.morosycristianosdeaspe.es\/index.php?rest_route=\/wp\/v2\/posts"}],"about":[{"href":"https:\/\/web.morosycristianosdeaspe.es\/index.php?rest_route=\/wp\/v2\/types\/post"}],"author":[{"embeddable":true,"href":"https:\/\/web.morosycristianosdeaspe.es\/index.php?rest_route=\/wp\/v2\/users\/1"}],"replies":[{"embeddable":true,"href":"https:\/\/web.morosycristianosdeaspe.es\/index.php?rest_route=%2Fwp%2Fv2%2Fcomments&post=315"}],"version-history":[{"count":2,"href":"https:\/\/web.morosycristianosdeaspe.es\/index.php?rest_route=\/wp\/v2\/posts\/315\/revisions"}],"predecessor-version":[{"id":346,"href":"https:\/\/web.morosycristianosdeaspe.es\/index.php?rest_route=\/wp\/v2\/posts\/315\/revisions\/346"}],"wp:attachment":[{"href":"https:\/\/web.morosycristianosdeaspe.es\/index.php?rest_route=%2Fwp%2Fv2%2Fmedia&parent=315"}],"wp:term":[{"taxonomy":"category","embeddable":true,"href":"https:\/\/web.morosycristianosdeaspe.es\/index.php?rest_route=%2Fwp%2Fv2%2Fcategories&post=315"},{"taxonomy":"post_tag","embeddable":true,"href":"https:\/\/web.morosycristianosdeaspe.es\/index.php?rest_route=%2Fwp%2Fv2%2Ftags&post=315"}],"curies":[{"name":"wp","href":"https:\/\/api.w.org\/{rel}","templated":true}]}}