{"id":32,"date":"2013-03-11T22:21:17","date_gmt":"2013-03-11T20:21:17","guid":{"rendered":"http:\/\/noticias.morosycristianosdeaspe.es\/?p=32"},"modified":"2013-06-06T09:35:35","modified_gmt":"2013-06-06T07:35:35","slug":"11mar2013-calendario-festero","status":"publish","type":"post","link":"https:\/\/web.morosycristianosdeaspe.es\/?p=32","title":{"rendered":"Calendario festero."},"content":{"rendered":"<p>El calendario festero ha quedado totalmente conformado tras las reuni\u00f3n celebrada hoy entre los presidentes de las 8 comparsas y la Junta Directiva de la Uni\u00f3n. En dicha reuni\u00f3n se han establecido las fechas de presentaci\u00f3n de los cargos festeros de cada una de las comparsas:<\/p>\n<div align=\"center\">\n<table border=\"1\" cellspacing=\"0\" cellpadding=\"0\">\n<tbody>\n<tr>\n<td width=\"99\">\n<h6>MES<\/h6>\n<\/td>\n<td width=\"57\">\n<h6>D\u00cdA<\/h6>\n<\/td>\n<td valign=\"top\" width=\"420\">\n<h6>ACTO<\/h6>\n<\/td>\n<\/tr>\n<tr>\n<td width=\"99\">\n<h6>ENERO<\/h6>\n<\/td>\n<td width=\"57\">\n<h6>27<\/h6>\n<\/td>\n<td valign=\"top\" width=\"420\">\n<h6>PRESENTACI\u00d3N DECLARACI\u00d3N INTER\u00c9S TUR\u00cdSTICO PROVINCIAL<\/h6>\n<\/td>\n<\/tr>\n<tr>\n<td width=\"99\">\n<h6>FEBRERO<\/h6>\n<\/td>\n<td width=\"57\">\n<h6>16 Y 17<\/h6>\n<\/td>\n<td valign=\"top\" width=\"420\">\n<h6>ASAMBLEA UNDEF BANYERES DE MARIOLA<\/h6>\n<\/td>\n<\/tr>\n<tr>\n<td width=\"99\">\n<h6>FEBRERO<\/h6>\n<\/td>\n<td width=\"57\">\n<h6>23<\/h6>\n<\/td>\n<td valign=\"top\" width=\"420\">\n<h6>MEDIA FIESTA<\/h6>\n<\/td>\n<\/tr>\n<tr>\n<td width=\"99\">\n<h6>MARZO<\/h6>\n<\/td>\n<td width=\"57\">\n<h6>1<\/h6>\n<\/td>\n<td valign=\"top\" width=\"420\">\n<h6>APERTURA PLAZO CARTEL ANUNCIADOR DE FIESTAS<\/h6>\n<\/td>\n<\/tr>\n<tr>\n<td width=\"99\">\n<h6>ABRIL<\/h6>\n<\/td>\n<td width=\"57\">\n<h6>27<\/h6>\n<\/td>\n<td valign=\"top\" width=\"420\">\n<h6>COMIDA DE HERMANDAD EN K\u00c1BILA MOROS FAUQU\u00cdES<\/h6>\n<\/td>\n<\/tr>\n<tr>\n<td rowspan=\"2\" width=\"99\">\n<h6>MAYO<\/h6>\n<\/td>\n<td width=\"57\">\n<h6>23<\/h6>\n<\/td>\n<td valign=\"top\" width=\"420\">\n<h6>CIERRE PLAZO CARTEL ANUNCIADOR DE FIESTAS<\/h6>\n<\/td>\n<\/tr>\n<tr>\n<td width=\"57\">\n<h6>25<\/h6>\n<\/td>\n<td valign=\"top\" width=\"420\">\n<h6>PRESENTACI\u00d3N TEATRO WAGNER: FALLO DEL CARTEL ANUNCIADOR DE FIESTAS 2013, ANUNCIO DE CARGOS 2013 Y ENTREGA DE PREMIOS MIGUEL IBORRA 2012<\/h6>\n<\/td>\n<\/tr>\n<tr>\n<td rowspan=\"4\" width=\"99\">\n<h6>JUNIO<\/h6>\n<\/td>\n<td width=\"57\">\n<h6>8<\/h6>\n<\/td>\n<td valign=\"top\" width=\"420\">\n<h6>PRESENTACI\u00d3N COMPARSA MOROS ALJAU<\/h6>\n<\/td>\n<\/tr>\n<tr>\n<td width=\"57\">\n<h6>15<\/h6>\n<\/td>\n<td valign=\"top\" width=\"420\">\n<h6>PRESENTACI\u00d3N COMPARSA DUQUE DE MAQUEDA<\/h6>\n<\/td>\n<\/tr>\n<tr>\n<td width=\"57\">\n<h6>22<\/h6>\n<\/td>\n<td valign=\"top\" width=\"420\">\n<h6>PRESENTACI\u00d3N COMPARSA LANCEROS DE UCHEL<\/h6>\n<\/td>\n<\/tr>\n<tr>\n<td width=\"57\">\n<h6>29<\/h6>\n<\/td>\n<td valign=\"top\" width=\"420\">\n<h6>PRESENTACI\u00d3N COMPARSA ESTUDIANTES<\/h6>\n<\/td>\n<\/tr>\n<tr>\n<td rowspan=\"5\" width=\"99\">\n<h6>JULIO<\/h6>\n<h6>\u00a0<\/h6>\n<h6>\u00a0<\/h6>\n<\/td>\n<td width=\"57\">\n<h6>6<\/h6>\n<\/td>\n<td valign=\"top\" width=\"420\">\n<h6>PRESENTACI\u00d3N COMPARSA MOROS FAUQU\u00cdES<\/h6>\n<\/td>\n<\/tr>\n<tr>\n<td width=\"57\">\n<h6>13<\/h6>\n<\/td>\n<td valign=\"top\" width=\"420\">\n<h6>PRESENTACI\u00d3N COMPARSA CABALLEROS C. DE LA SIERRA N.<\/h6>\n<\/td>\n<\/tr>\n<tr>\n<td width=\"57\">\n<h6>19<\/h6>\n<\/td>\n<td valign=\"top\" width=\"420\">\n<h6>PRESENTACI\u00d3N REVISTA ASPIS<\/h6>\n<\/td>\n<\/tr>\n<tr>\n<td width=\"57\">\n<h6>20<\/h6>\n<\/td>\n<td valign=\"top\" width=\"420\">\n<h6>PRESENTACI\u00d3N COMPARSAS <a title=\"Comparsa Moros Alcan\u00e1\" href=\"http:\/\/comparsademorosalcana.blogspot.com.es\/\" target=\"_blank\">M. ALCAN\u00c1<\/a> y <a title=\"Comparsa Moros Sulaym\u00e1n de Aspe\" href=\"http:\/\/sulayman-aspe.blogspot.com.es\/\" target=\"_blank\">M. SULAYM\u00c1N<\/a><\/h6>\n<\/td>\n<\/tr>\n<tr>\n<td width=\"57\">\n<h6>27<\/h6>\n<\/td>\n<td valign=\"top\" width=\"420\">\n<h6>PRESENTACI\u00d3N AL PUEBLO<\/h6>\n<\/td>\n<\/tr>\n<tr>\n<td rowspan=\"4\" width=\"99\">\n<h6>AGOSTO<\/h6>\n<\/td>\n<td width=\"57\">\n<h6>7<\/h6>\n<\/td>\n<td valign=\"top\" width=\"420\">\n<h6>ENTRADA DE BANDAS Y RETRETA<\/h6>\n<\/td>\n<\/tr>\n<tr>\n<td width=\"57\">\n<h6>8<\/h6>\n<\/td>\n<td valign=\"top\" width=\"420\">\n<h6>ENTRADA MORA<\/h6>\n<\/td>\n<\/tr>\n<tr>\n<td width=\"57\">\n<h6>9<\/h6>\n<\/td>\n<td valign=\"top\" width=\"420\">\n<h6>DESFILE INFANTIL, DESFILE ASILO, MISA FESTERA Y EMBAJADA<\/h6>\n<\/td>\n<\/tr>\n<tr>\n<td width=\"57\">\n<h6>10<\/h6>\n<\/td>\n<td valign=\"top\" width=\"420\">\n<h6>ENTRADA CRISTIANA Y ENTREGA DE BANDERAS<\/h6>\n<\/td>\n<\/tr>\n<\/tbody>\n<\/table>\n<\/div>\n","protected":false},"excerpt":{"rendered":"<p>El calendario festero ha quedado totalmente conformado tras las reuni\u00f3n celebrada hoy entre los presidentes de las 8 comparsas y la Junta Directiva de la Uni\u00f3n. En dicha reuni\u00f3n se han establecido las fechas de presentaci\u00f3n de los cargos festeros de cada una de las comparsas: MES D\u00cdA ACTO ENERO 27 PRESENTACI\u00d3N DECLARACI\u00d3N INTER\u00c9S TUR\u00cdSTICO [&hellip;]<\/p>\n","protected":false},"author":1,"featured_media":0,"comment_status":"closed","ping_status":"closed","sticky":false,"template":"","format":"standard","meta":{"footnotes":""},"categories":[16,3],"tags":[],"class_list":["post-32","post","type-post","status-publish","format-standard","hentry","category-actos-oficiales","category-noticia-general"],"_links":{"self":[{"href":"https:\/\/web.morosycristianosdeaspe.es\/index.php?rest_route=\/wp\/v2\/posts\/32","targetHints":{"allow":["GET"]}}],"collection":[{"href":"https:\/\/web.morosycristianosdeaspe.es\/index.php?rest_route=\/wp\/v2\/posts"}],"about":[{"href":"https:\/\/web.morosycristianosdeaspe.es\/index.php?rest_route=\/wp\/v2\/types\/post"}],"author":[{"embeddable":true,"href":"https:\/\/web.morosycristianosdeaspe.es\/index.php?rest_route=\/wp\/v2\/users\/1"}],"replies":[{"embeddable":true,"href":"https:\/\/web.morosycristianosdeaspe.es\/index.php?rest_route=%2Fwp%2Fv2%2Fcomments&post=32"}],"version-history":[{"count":2,"href":"https:\/\/web.morosycristianosdeaspe.es\/index.php?rest_route=\/wp\/v2\/posts\/32\/revisions"}],"predecessor-version":[{"id":256,"href":"https:\/\/web.morosycristianosdeaspe.es\/index.php?rest_route=\/wp\/v2\/posts\/32\/revisions\/256"}],"wp:attachment":[{"href":"https:\/\/web.morosycristianosdeaspe.es\/index.php?rest_route=%2Fwp%2Fv2%2Fmedia&parent=32"}],"wp:term":[{"taxonomy":"category","embeddable":true,"href":"https:\/\/web.morosycristianosdeaspe.es\/index.php?rest_route=%2Fwp%2Fv2%2Fcategories&post=32"},{"taxonomy":"post_tag","embeddable":true,"href":"https:\/\/web.morosycristianosdeaspe.es\/index.php?rest_route=%2Fwp%2Fv2%2Ftags&post=32"}],"curies":[{"name":"wp","href":"https:\/\/api.w.org\/{rel}","templated":true}]}}