{"id":323,"date":"2013-07-22T11:12:30","date_gmt":"2013-07-22T09:12:30","guid":{"rendered":"http:\/\/web.morosycristianosdeaspe.es\/?p=323"},"modified":"2013-08-01T01:01:31","modified_gmt":"2013-07-31T23:01:31","slug":"colgaduras-de-fiestas-de-moros-y-cristianos","status":"publish","type":"post","link":"https:\/\/web.morosycristianosdeaspe.es\/?p=323","title":{"rendered":"Colgaduras de Fiestas de Moros y Cristianos"},"content":{"rendered":"<p>La Uni\u00f3n de Moros y Cristianos Virgen de las Nieves de Aspe, siguiendo su pol\u00edtica de potenciar el ambiente de Fiesta de Moros y Cristianos en la poblaci\u00f3n, ha puesto a disposici\u00f3n de festeros y no festeros unas colgaduras para estas Fiestas 2013. \u00c9stas fueron presentadas el pasado viernes en el Teatro Wagner.<\/p>\n<p><a href=\"https:\/\/web.morosycristianosdeaspe.es\/wp-content\/uploads\/2013\/07\/banderola-generica_W.jpg\"><img loading=\"lazy\" decoding=\"async\" class=\"aligncenter size-medium wp-image-324\" alt=\"banderola-generica_W\" src=\"https:\/\/web.morosycristianosdeaspe.es\/wp-content\/uploads\/2013\/07\/banderola-generica_W-218x300.jpg\" width=\"218\" height=\"300\" srcset=\"https:\/\/web.morosycristianosdeaspe.es\/wp-content\/uploads\/2013\/07\/banderola-generica_W-218x300.jpg 218w, https:\/\/web.morosycristianosdeaspe.es\/wp-content\/uploads\/2013\/07\/banderola-generica_W.jpg 600w\" sizes=\"auto, (max-width: 218px) 100vw, 218px\" \/><\/a><\/p>\n<p>Las medidas de dichas colgaduras son 80cm x 110cm , y su coste 15\u20ac.<\/p>\n<p>Quien lo desee, puede pedirlas en su respectiva comparsa antes del pr\u00f3ximo 27 de Julio.<\/p>\n<p>Existe una oferta consistente en colgadura + revista Aspis por un importe de 16\u20ac (descuento de 2\u20ac).<\/p>\n","protected":false},"excerpt":{"rendered":"<p>La Uni\u00f3n de Moros y Cristianos Virgen de las Nieves de Aspe, siguiendo su pol\u00edtica de potenciar el ambiente de Fiesta de Moros y Cristianos en la poblaci\u00f3n, ha puesto a disposici\u00f3n de festeros y no festeros unas colgaduras para estas Fiestas 2013. \u00c9stas fueron presentadas el pasado viernes en el Teatro Wagner. Las medidas [&hellip;]<\/p>\n","protected":false},"author":1,"featured_media":0,"comment_status":"closed","ping_status":"closed","sticky":false,"template":"","format":"standard","meta":{"footnotes":""},"categories":[1],"tags":[],"class_list":["post-323","post","type-post","status-publish","format-standard","hentry","category-nocat"],"_links":{"self":[{"href":"https:\/\/web.morosycristianosdeaspe.es\/index.php?rest_route=\/wp\/v2\/posts\/323","targetHints":{"allow":["GET"]}}],"collection":[{"href":"https:\/\/web.morosycristianosdeaspe.es\/index.php?rest_route=\/wp\/v2\/posts"}],"about":[{"href":"https:\/\/web.morosycristianosdeaspe.es\/index.php?rest_route=\/wp\/v2\/types\/post"}],"author":[{"embeddable":true,"href":"https:\/\/web.morosycristianosdeaspe.es\/index.php?rest_route=\/wp\/v2\/users\/1"}],"replies":[{"embeddable":true,"href":"https:\/\/web.morosycristianosdeaspe.es\/index.php?rest_route=%2Fwp%2Fv2%2Fcomments&post=323"}],"version-history":[{"count":4,"href":"https:\/\/web.morosycristianosdeaspe.es\/index.php?rest_route=\/wp\/v2\/posts\/323\/revisions"}],"predecessor-version":[{"id":326,"href":"https:\/\/web.morosycristianosdeaspe.es\/index.php?rest_route=\/wp\/v2\/posts\/323\/revisions\/326"}],"wp:attachment":[{"href":"https:\/\/web.morosycristianosdeaspe.es\/index.php?rest_route=%2Fwp%2Fv2%2Fmedia&parent=323"}],"wp:term":[{"taxonomy":"category","embeddable":true,"href":"https:\/\/web.morosycristianosdeaspe.es\/index.php?rest_route=%2Fwp%2Fv2%2Fcategories&post=323"},{"taxonomy":"post_tag","embeddable":true,"href":"https:\/\/web.morosycristianosdeaspe.es\/index.php?rest_route=%2Fwp%2Fv2%2Ftags&post=323"}],"curies":[{"name":"wp","href":"https:\/\/api.w.org\/{rel}","templated":true}]}}