{"id":330,"date":"2013-07-31T14:16:51","date_gmt":"2013-07-31T12:16:51","guid":{"rendered":"http:\/\/web.morosycristianosdeaspe.es\/?p=330"},"modified":"2013-08-01T00:01:52","modified_gmt":"2013-07-31T22:01:52","slug":"comparsa-moros-fauquies-dia-del-festero-infantil","status":"publish","type":"post","link":"https:\/\/web.morosycristianosdeaspe.es\/?p=330","title":{"rendered":"Comparsa Moros Fauqu\u00edes. D\u00eda del festero infantil"},"content":{"rendered":"<p>La comparsa Moros Fauqu\u00edes nos pasan la siguiente nota:<\/p>\n<figure id=\"attachment_161\" aria-describedby=\"caption-attachment-161\" style=\"width: 99px\" class=\"wp-caption alignleft\"><img loading=\"lazy\" decoding=\"async\" class=\"size-full wp-image-161 \" alt=\"Moros Fauqu\u00edes\" src=\"https:\/\/web.morosycristianosdeaspe.es\/wp-content\/uploads\/2013\/05\/Fauquies_w.png\" width=\"99\" height=\"100\" \/><figcaption id=\"caption-attachment-161\" class=\"wp-caption-text\">Moros Fauqu\u00edes<\/figcaption><\/figure>\n<p><b><span style=\"font-size: medium;\"><span style=\"color: #000000;\">MARTES 6 DE AGOSTO: D\u00eda del festero infantil <\/span><\/span><\/b><\/p>\n<div>\u00a0<span style=\"font-size: medium;\"><span style=\"color: #000000;\"><i>A las 18h 30\u2019:<\/i> Merienda en la K\u00e1bila.<\/span><\/span><\/div>\n<div>\u00a0<span style=\"font-size: medium;\"><span style=\"color: #000000;\"><i>A las 19h: <\/i>Hinchables y animaci\u00f3n para los m\u00e1s peque\u00f1os en la K\u00e1bila. <\/span><\/span><\/div>\n<div><\/div>\n<div><\/div>\n<div>Est\u00e1n invitados los ni\u00f1os de todas las comparsas.<\/div>\n<div><\/div>\n","protected":false},"excerpt":{"rendered":"<p>La comparsa Moros Fauqu\u00edes nos pasan la siguiente nota: MARTES 6 DE AGOSTO: D\u00eda del festero infantil \u00a0A las 18h 30\u2019: Merienda en la K\u00e1bila. \u00a0A las 19h: Hinchables y animaci\u00f3n para los m\u00e1s peque\u00f1os en la K\u00e1bila. Est\u00e1n invitados los ni\u00f1os de todas las comparsas.<\/p>\n","protected":false},"author":1,"featured_media":0,"comment_status":"closed","ping_status":"closed","sticky":false,"template":"","format":"standard","meta":{"footnotes":""},"categories":[15,18],"tags":[],"class_list":["post-330","post","type-post","status-publish","format-standard","hentry","category-comparsas","category-moros-fauquies"],"_links":{"self":[{"href":"https:\/\/web.morosycristianosdeaspe.es\/index.php?rest_route=\/wp\/v2\/posts\/330","targetHints":{"allow":["GET"]}}],"collection":[{"href":"https:\/\/web.morosycristianosdeaspe.es\/index.php?rest_route=\/wp\/v2\/posts"}],"about":[{"href":"https:\/\/web.morosycristianosdeaspe.es\/index.php?rest_route=\/wp\/v2\/types\/post"}],"author":[{"embeddable":true,"href":"https:\/\/web.morosycristianosdeaspe.es\/index.php?rest_route=\/wp\/v2\/users\/1"}],"replies":[{"embeddable":true,"href":"https:\/\/web.morosycristianosdeaspe.es\/index.php?rest_route=%2Fwp%2Fv2%2Fcomments&post=330"}],"version-history":[{"count":4,"href":"https:\/\/web.morosycristianosdeaspe.es\/index.php?rest_route=\/wp\/v2\/posts\/330\/revisions"}],"predecessor-version":[{"id":333,"href":"https:\/\/web.morosycristianosdeaspe.es\/index.php?rest_route=\/wp\/v2\/posts\/330\/revisions\/333"}],"wp:attachment":[{"href":"https:\/\/web.morosycristianosdeaspe.es\/index.php?rest_route=%2Fwp%2Fv2%2Fmedia&parent=330"}],"wp:term":[{"taxonomy":"category","embeddable":true,"href":"https:\/\/web.morosycristianosdeaspe.es\/index.php?rest_route=%2Fwp%2Fv2%2Fcategories&post=330"},{"taxonomy":"post_tag","embeddable":true,"href":"https:\/\/web.morosycristianosdeaspe.es\/index.php?rest_route=%2Fwp%2Fv2%2Ftags&post=330"}],"curies":[{"name":"wp","href":"https:\/\/api.w.org\/{rel}","templated":true}]}}