{"id":334,"date":"2013-07-08T23:45:17","date_gmt":"2013-07-08T21:45:17","guid":{"rendered":"http:\/\/web.morosycristianosdeaspe.es\/?p=334"},"modified":"2013-08-01T01:03:26","modified_gmt":"2013-07-31T23:03:26","slug":"6-de-julio-de-2013-presentacion-de-cargos-festeros-comparsa-moros-fauquies","status":"publish","type":"post","link":"https:\/\/web.morosycristianosdeaspe.es\/?p=334","title":{"rendered":"Presentaci\u00f3n de cargos festeros comparsa Moros Fauqu\u00edes."},"content":{"rendered":"<p>El pasado s\u00e1bado d\u00eda 6 de Julio, la comparsa Moros Fauqu\u00edes se visti\u00f3 de gala para celebrar sus 35 a\u00f1os de existencia, as\u00ed como para honrar a sus nuevos cargos festeros, coincidiendo con la ostentaci\u00f3n del Sultanato de este a\u00f1o.<\/p>\n<p>Javier Sant\u00edas y Elisabeth Capilla, cargos festeros fauqu\u00edes 2012 dieron el relevo a Miguel \u00c1ngel Barber\u00e1 Hern\u00e1ndez y a Andrea Garc\u00eda Cervera como capit\u00e1n y abanderada; y a Pedro y Ernesto Castell Almod\u00f3var como capitanes infantiles.<\/p>\n<p>Los cargos de Junta Central, los sultanes 2012 Vicente P\u00e9rez y Nieves P\u00e9rez, impusieron las bandas a Salvador Prieto Cremades, Elisabeth S\u00e1nchez Rodr\u00edguez y Pablo Castell Almod\u00f3var como sult\u00e1n, sultana y sult\u00e1n infantil 2013, respectivamente.<\/p>\n<p><a href=\"https:\/\/web.morosycristianosdeaspe.es\/wp-content\/uploads\/2013\/07\/cargos-fauquies-2013-w.jpg\"><img loading=\"lazy\" decoding=\"async\" class=\"alignright size-medium wp-image-337\" alt=\"cargos-fauquies-2013\" src=\"https:\/\/web.morosycristianosdeaspe.es\/wp-content\/uploads\/2013\/07\/cargos-fauquies-2013-w-300x199.jpg\" width=\"300\" height=\"199\" srcset=\"https:\/\/web.morosycristianosdeaspe.es\/wp-content\/uploads\/2013\/07\/cargos-fauquies-2013-w-300x199.jpg 300w, https:\/\/web.morosycristianosdeaspe.es\/wp-content\/uploads\/2013\/07\/cargos-fauquies-2013-w.jpg 800w\" sizes=\"auto, (max-width: 300px) 100vw, 300px\" \/><\/a>El acto cont\u00f3 con numerosas alusiones, algunas de gran emotividad, a un gran festero fauqu\u00ed como fu\u00e9 Manuel Aznar \u00abEl Bojo\u00bb.<\/p>\n<p>Tambi\u00e9n se realiz\u00f3 un reconocimiento a diversos festeros fauqu\u00edes, que han trabajado por la comparsa. Armando Cremades, Bonetti y Ernesto C\u00f3rcoles fueron algunas de las personas que subieron al escenario a recibir los reconocimientos.<\/p>\n<p style=\"text-align: left;\">El acto de presentaci\u00f3n di\u00f3 paso a una noche de fiesta.<a href=\"https:\/\/web.morosycristianosdeaspe.es\/wp-content\/uploads\/2013\/07\/fiesta-fauqui_w.jpg\"><img loading=\"lazy\" decoding=\"async\" class=\"size-medium wp-image-336 aligncenter\" alt=\"fiesta-fauqui_w\" src=\"https:\/\/web.morosycristianosdeaspe.es\/wp-content\/uploads\/2013\/07\/fiesta-fauqui_w-300x150.jpg\" width=\"300\" height=\"150\" srcset=\"https:\/\/web.morosycristianosdeaspe.es\/wp-content\/uploads\/2013\/07\/fiesta-fauqui_w-300x150.jpg 300w, https:\/\/web.morosycristianosdeaspe.es\/wp-content\/uploads\/2013\/07\/fiesta-fauqui_w.jpg 800w\" sizes=\"auto, (max-width: 300px) 100vw, 300px\" \/><\/a><em>* Fotograf\u00edas cedidas por Antonio Pastor Miralles<\/em><\/p>\n","protected":false},"excerpt":{"rendered":"<p>El pasado s\u00e1bado d\u00eda 6 de Julio, la comparsa Moros Fauqu\u00edes se visti\u00f3 de gala para celebrar sus 35 a\u00f1os de existencia, as\u00ed como para honrar a sus nuevos cargos festeros, coincidiendo con la ostentaci\u00f3n del Sultanato de este a\u00f1o. Javier Sant\u00edas y Elisabeth Capilla, cargos festeros fauqu\u00edes 2012 dieron el relevo a Miguel \u00c1ngel [&hellip;]<\/p>\n","protected":false},"author":1,"featured_media":0,"comment_status":"closed","ping_status":"closed","sticky":false,"template":"","format":"standard","meta":{"footnotes":""},"categories":[16,15,18],"tags":[],"class_list":["post-334","post","type-post","status-publish","format-standard","hentry","category-actos-oficiales","category-comparsas","category-moros-fauquies"],"_links":{"self":[{"href":"https:\/\/web.morosycristianosdeaspe.es\/index.php?rest_route=\/wp\/v2\/posts\/334","targetHints":{"allow":["GET"]}}],"collection":[{"href":"https:\/\/web.morosycristianosdeaspe.es\/index.php?rest_route=\/wp\/v2\/posts"}],"about":[{"href":"https:\/\/web.morosycristianosdeaspe.es\/index.php?rest_route=\/wp\/v2\/types\/post"}],"author":[{"embeddable":true,"href":"https:\/\/web.morosycristianosdeaspe.es\/index.php?rest_route=\/wp\/v2\/users\/1"}],"replies":[{"embeddable":true,"href":"https:\/\/web.morosycristianosdeaspe.es\/index.php?rest_route=%2Fwp%2Fv2%2Fcomments&post=334"}],"version-history":[{"count":8,"href":"https:\/\/web.morosycristianosdeaspe.es\/index.php?rest_route=\/wp\/v2\/posts\/334\/revisions"}],"predecessor-version":[{"id":364,"href":"https:\/\/web.morosycristianosdeaspe.es\/index.php?rest_route=\/wp\/v2\/posts\/334\/revisions\/364"}],"wp:attachment":[{"href":"https:\/\/web.morosycristianosdeaspe.es\/index.php?rest_route=%2Fwp%2Fv2%2Fmedia&parent=334"}],"wp:term":[{"taxonomy":"category","embeddable":true,"href":"https:\/\/web.morosycristianosdeaspe.es\/index.php?rest_route=%2Fwp%2Fv2%2Fcategories&post=334"},{"taxonomy":"post_tag","embeddable":true,"href":"https:\/\/web.morosycristianosdeaspe.es\/index.php?rest_route=%2Fwp%2Fv2%2Ftags&post=334"}],"curies":[{"name":"wp","href":"https:\/\/api.w.org\/{rel}","templated":true}]}}