{"id":349,"date":"2013-07-15T22:02:59","date_gmt":"2013-07-15T20:02:59","guid":{"rendered":"http:\/\/web.morosycristianosdeaspe.es\/?p=349"},"modified":"2013-08-01T01:00:52","modified_gmt":"2013-07-31T23:00:52","slug":"presentacion-de-cargos-festeros-contrabandistas-de-la-sierra-negra","status":"publish","type":"post","link":"https:\/\/web.morosycristianosdeaspe.es\/?p=349","title":{"rendered":"Presentaci\u00f3n de cargos festeros Contrabandistas de la Sierra Negra"},"content":{"rendered":"<p>S\u00e1bado 13 de Julio de 2013. Primera presentaci\u00f3n de la comparsa Cristianos Contrabandistas de la Sierra Negra, celebrada en el cuartelillo de la comparsa Estudiantes.<\/p>\n<figure id=\"attachment_164\" aria-describedby=\"caption-attachment-164\" style=\"width: 72px\" class=\"wp-caption alignleft\"><img loading=\"lazy\" decoding=\"async\" class=\"size-full wp-image-164\" alt=\"Contrabandistas de la Sierra Negra\" src=\"https:\/\/web.morosycristianosdeaspe.es\/wp-content\/uploads\/2013\/05\/contrabandistas_w-e1369983513546.png\" width=\"72\" height=\"100\" \/><figcaption id=\"caption-attachment-164\" class=\"wp-caption-text\">Contrabandistas<br \/>de la Sierra Negra<\/figcaption><\/figure>\n<p>Con cierta espectaci\u00f3n por ver el estreno de los contrabandistas en Aspe, la comparsa inici\u00f3 un amplio acto, con la tradicional imposici\u00f3n de bandas de los cargos salientes, Rub\u00e9n Mira, Andrea Erades, Pablo Mira y Marta Botella a los cargos festeros 2013, Daniel Cerd\u00e1n, Lidia Mart\u00ednez, Enrique Galiana y Mar\u00eda Erades como capit\u00e1n, abanderada, capit\u00e1n infantil y abanderada infantil.<\/p>\n<p>Posteriormente se realiz\u00f3 el cambio de bandera, cambiando los corbatines los anteriores capitanes y abanderadas.<\/p>\n<p>Acto seguido Enrique Alenda, sustituyendo al Presidente de la Uni\u00f3n que por motivos personales no pudo acudir al acto, recibi\u00f3 a los reyes 2013, Vicente Botella, Juani Abell\u00e1n, Lucas Botella y Natalia Cremades, quienes a su vez recibieron a los nuevos cargos de la Junta Central, Jes\u00fas Mira, Pilar Mira, Jorge Torres y Blanca Alcolea, reyes adultos e infantiles 2013, respectivamente.<\/p>\n<p>El acto continu\u00f3 con una exibici\u00f3n de desfile informal de los cabos de la comparsa, dirigidos por un experimentado cabo perteneciente a la comparsa Contrabandistas de Villena.<\/p>\n","protected":false},"excerpt":{"rendered":"<p>S\u00e1bado 13 de Julio de 2013. Primera presentaci\u00f3n de la comparsa Cristianos Contrabandistas de la Sierra Negra, celebrada en el cuartelillo de la comparsa Estudiantes. Con cierta espectaci\u00f3n por ver el estreno de los contrabandistas en Aspe, la comparsa inici\u00f3 un amplio acto, con la tradicional imposici\u00f3n de bandas de los cargos salientes, Rub\u00e9n Mira, [&hellip;]<\/p>\n","protected":false},"author":1,"featured_media":0,"comment_status":"closed","ping_status":"closed","sticky":false,"template":"","format":"standard","meta":{"footnotes":""},"categories":[16,15,25,1],"tags":[],"class_list":["post-349","post","type-post","status-publish","format-standard","hentry","category-actos-oficiales","category-comparsas","category-contrabandistas-de-la-sierra-negra","category-nocat"],"_links":{"self":[{"href":"https:\/\/web.morosycristianosdeaspe.es\/index.php?rest_route=\/wp\/v2\/posts\/349","targetHints":{"allow":["GET"]}}],"collection":[{"href":"https:\/\/web.morosycristianosdeaspe.es\/index.php?rest_route=\/wp\/v2\/posts"}],"about":[{"href":"https:\/\/web.morosycristianosdeaspe.es\/index.php?rest_route=\/wp\/v2\/types\/post"}],"author":[{"embeddable":true,"href":"https:\/\/web.morosycristianosdeaspe.es\/index.php?rest_route=\/wp\/v2\/users\/1"}],"replies":[{"embeddable":true,"href":"https:\/\/web.morosycristianosdeaspe.es\/index.php?rest_route=%2Fwp%2Fv2%2Fcomments&post=349"}],"version-history":[{"count":6,"href":"https:\/\/web.morosycristianosdeaspe.es\/index.php?rest_route=\/wp\/v2\/posts\/349\/revisions"}],"predecessor-version":[{"id":362,"href":"https:\/\/web.morosycristianosdeaspe.es\/index.php?rest_route=\/wp\/v2\/posts\/349\/revisions\/362"}],"wp:attachment":[{"href":"https:\/\/web.morosycristianosdeaspe.es\/index.php?rest_route=%2Fwp%2Fv2%2Fmedia&parent=349"}],"wp:term":[{"taxonomy":"category","embeddable":true,"href":"https:\/\/web.morosycristianosdeaspe.es\/index.php?rest_route=%2Fwp%2Fv2%2Fcategories&post=349"},{"taxonomy":"post_tag","embeddable":true,"href":"https:\/\/web.morosycristianosdeaspe.es\/index.php?rest_route=%2Fwp%2Fv2%2Ftags&post=349"}],"curies":[{"name":"wp","href":"https:\/\/api.w.org\/{rel}","templated":true}]}}