{"id":355,"date":"2013-07-22T09:58:29","date_gmt":"2013-07-22T07:58:29","guid":{"rendered":"http:\/\/web.morosycristianosdeaspe.es\/?p=355"},"modified":"2013-08-01T01:00:16","modified_gmt":"2013-07-31T23:00:16","slug":"presentacion-de-cargos-festeros-moros-alcana-y-moros-sulayman","status":"publish","type":"post","link":"https:\/\/web.morosycristianosdeaspe.es\/?p=355","title":{"rendered":"Presentaci\u00f3n de cargos festeros Moros Alcan\u00e1 y Moros Sulaym\u00e1n."},"content":{"rendered":"<p>PRESENTACION CARGOS FESTEROS 2013 MOROS SULAYMAN<\/p>\n<p>El pasado 20 de Julio de 2013, en la sede de Moros Fauqu\u00edes tuvo lugar el primer gran acontecimiento de nuestra comparsa que da el pistoletazo de salida al comienzo de nuestras Fiestas de Moros y Cristianos, \u00a0la presentaci\u00f3n de nuestros Cargos Festeros 2013, en concreto, de nuestra guap\u00edsima Abanderada, Esther Jimenez Castillo.<\/p>\n<p>En una c\u00e1lida noche, donde todo estaba urdido al\u00a0mil\u00edmetro, y que se presentaba espectacular, todo march\u00f3 seg\u00fan lo previsto, buen ambiente, muchos amigos, unos Cargos Festeros salientes esplendidos y un Cargo entrante sensacional; tan solo hubo un peque\u00f1o sobresalto, que qued\u00f3 en una simple an\u00e9cdota, que incluso pod\u00edamos catalogar de hasta divertida, cuando apareci\u00f3 un Inspector de Trabajo al comienzo de la cena, que muy amablemente, inspeccion\u00f3 el trabajo que hab\u00edamos realizado los festeros durante todo el d\u00eda para preparar tan importante acontecimiento, y que qued\u00f3 sin m\u00e1s consecuencia que la sorpresa, volviendo de nuevo todo a su lugar tras su marcha.<\/p>\n<p>El acto de presentaci\u00f3n fue conducido por la festera alcan\u00e1 Ana Isabel Le\u00f3n Martinez, que realizo un gran trabajo, con una presentaci\u00f3n amena, divertida y muy natural.<\/p>\n<figure id=\"attachment_357\" aria-describedby=\"caption-attachment-357\" style=\"width: 225px\" class=\"wp-caption alignleft\"><a href=\"https:\/\/web.morosycristianosdeaspe.es\/wp-content\/uploads\/2013\/08\/Cargo-entrante-Sulaymanw.jpg\"><img loading=\"lazy\" decoding=\"async\" class=\"size-medium wp-image-357\" alt=\"Abanderada Sulaym\u00e1n 2013\" src=\"https:\/\/web.morosycristianosdeaspe.es\/wp-content\/uploads\/2013\/08\/Cargo-entrante-Sulaymanw-225x300.jpg\" width=\"225\" height=\"300\" srcset=\"https:\/\/web.morosycristianosdeaspe.es\/wp-content\/uploads\/2013\/08\/Cargo-entrante-Sulaymanw-225x300.jpg 225w, https:\/\/web.morosycristianosdeaspe.es\/wp-content\/uploads\/2013\/08\/Cargo-entrante-Sulaymanw.jpg 600w\" sizes=\"auto, (max-width: 225px) 100vw, 225px\" \/><\/a><figcaption id=\"caption-attachment-357\" class=\"wp-caption-text\">Abanderada Sulaym\u00e1n 2013<\/figcaption><\/figure>\n<p>Tras la subida al escenario del presidente\u00a0de Alcan\u00e1, Jose Luis Alcantud y nuestro presidente Sulayman, Valent\u00edn Hurtado, los Cargos Festeros hicieron presencia en el mismo y se produjo el esperado momento de la imposici\u00f3n de bandas y traspaso de la bandera, primero por parte de la comparsa Moros Alcan\u00e1 y luego la comparsa Moros Sulayman, donde unos radiantes Cargos Salientes, Sergio Hern\u00e1ndez y Alba Mateo, tras un gran a\u00f1o representando nuestra comparsa, cumplieron con el deber y dieron el relevo de la comandancia de las tropas Sulayman a la Abanderada 2013 Esther Jimenez, en una noche en la que se encontraba resplandeciente.<\/p>\n<p>Tras la solemnidad de este bloque, lleg\u00f3 el turno de la Mantenedora 2013 del acto de presentaci\u00f3n, una importante responsabilidad que decidi\u00f3 aceptar Nieves Martinez, Concejala de Fiestas del Ayto de Aspe,\u00a0que durante su intervenci\u00f3n confes\u00f3 haber aceptado el papel tras ser \u00abasaltada\u00bb por Valent\u00edn en su momento m\u00e1s d\u00e9bil, \u00abentre el segundo y el tercer cubata&#8230;\u00bb. La intervenci\u00f3n de Nieves se desarrollo narrando un mont\u00f3n de divertidas an\u00e9cdotas, vividas por ella en primera persona, relacionadas con nuestra fiesta y nuestra comparsa, que arrancaron a todos los presentes la m\u00e1s amplia de nuestras sonrisas e incluso algunas grandes carcajadas.<\/p>\n<p>Posteriormente y para concluir el acto, fue el turno de la intervenci\u00f3n de los presidentes de ambas comparsas. Los dos dedicaron palabras de \u00e1nimo y apoyo a sus festeros y la fiesta en general, queriendo destacar en esta cr\u00f3nica, la divertida iron\u00eda que mostr\u00f3 Valent\u00edn en su discurso haciendo referencia al peque\u00f1o susto del comienzo, con un gracioso s\u00edmil que relacionaba la inspecci\u00f3n de trabajo sufrida al principio de la cena con la situaci\u00f3n en la que deben estar todas las cosas cuando se acude al ba\u00f1o&#8230;.. lo dejamos ah\u00ed.<\/p>\n<p>En fin una gran noche, de la que solo nos queda por decir&#8230;. \u00a1Enhorabuena a <a href=\"mailto:tod@s\">tod@s<\/a>!<\/p>\n","protected":false},"excerpt":{"rendered":"<p>PRESENTACION CARGOS FESTEROS 2013 MOROS SULAYMAN El pasado 20 de Julio de 2013, en la sede de Moros Fauqu\u00edes tuvo lugar el primer gran acontecimiento de nuestra comparsa que da el pistoletazo de salida al comienzo de nuestras Fiestas de Moros y Cristianos, \u00a0la presentaci\u00f3n de nuestros Cargos Festeros 2013, en concreto, de nuestra guap\u00edsima [&hellip;]<\/p>\n","protected":false},"author":1,"featured_media":0,"comment_status":"closed","ping_status":"closed","sticky":false,"template":"","format":"standard","meta":{"footnotes":""},"categories":[15,20,21],"tags":[],"class_list":["post-355","post","type-post","status-publish","format-standard","hentry","category-comparsas","category-moros-alcana","category-moros-sulayman"],"_links":{"self":[{"href":"https:\/\/web.morosycristianosdeaspe.es\/index.php?rest_route=\/wp\/v2\/posts\/355","targetHints":{"allow":["GET"]}}],"collection":[{"href":"https:\/\/web.morosycristianosdeaspe.es\/index.php?rest_route=\/wp\/v2\/posts"}],"about":[{"href":"https:\/\/web.morosycristianosdeaspe.es\/index.php?rest_route=\/wp\/v2\/types\/post"}],"author":[{"embeddable":true,"href":"https:\/\/web.morosycristianosdeaspe.es\/index.php?rest_route=\/wp\/v2\/users\/1"}],"replies":[{"embeddable":true,"href":"https:\/\/web.morosycristianosdeaspe.es\/index.php?rest_route=%2Fwp%2Fv2%2Fcomments&post=355"}],"version-history":[{"count":4,"href":"https:\/\/web.morosycristianosdeaspe.es\/index.php?rest_route=\/wp\/v2\/posts\/355\/revisions"}],"predecessor-version":[{"id":360,"href":"https:\/\/web.morosycristianosdeaspe.es\/index.php?rest_route=\/wp\/v2\/posts\/355\/revisions\/360"}],"wp:attachment":[{"href":"https:\/\/web.morosycristianosdeaspe.es\/index.php?rest_route=%2Fwp%2Fv2%2Fmedia&parent=355"}],"wp:term":[{"taxonomy":"category","embeddable":true,"href":"https:\/\/web.morosycristianosdeaspe.es\/index.php?rest_route=%2Fwp%2Fv2%2Fcategories&post=355"},{"taxonomy":"post_tag","embeddable":true,"href":"https:\/\/web.morosycristianosdeaspe.es\/index.php?rest_route=%2Fwp%2Fv2%2Ftags&post=355"}],"curies":[{"name":"wp","href":"https:\/\/api.w.org\/{rel}","templated":true}]}}