{"id":36,"date":"2013-03-11T22:01:07","date_gmt":"2013-03-11T20:01:07","guid":{"rendered":"http:\/\/noticias.morosycristianosdeaspe.es\/?p=36"},"modified":"2013-06-06T09:35:51","modified_gmt":"2013-06-06T07:35:51","slug":"ii-convivencia-moros-fauquies","status":"publish","type":"post","link":"https:\/\/web.morosycristianosdeaspe.es\/?p=36","title":{"rendered":"II Convivencia \u00abMoros Fauqu\u00edes\u00bb."},"content":{"rendered":"<p><span style=\"color: #0000ff;\">Se adjunta nota de la Directiva de la Comparsa Moros Fauqu\u00edes:<\/span><\/p>\n<p>\u00a0<a href=\"mailto:Estimad@s\">Estimad@s<\/a> fester@s, por medio de la presente queremos invitarles a los actos a celebrar con motivo de la II Convivencia \u201cMoros Fauqu\u00edes\u201d que tendr\u00e1 lugar el pr\u00f3ximo s\u00e1bado d\u00eda 16 de Marzo. La jornada ser\u00e1 de puertas abiertas a todo el que lo desee.<\/p>\n<p>S\u00c1BADO 16 DE MARZO:<br \/>\nA las 10h: Jornada deportiva fauqu\u00ed mixta (futbito) en el Polideportivo de Aspe.<br \/>\nTradicional partido entre: LA PEPA y LUIS CANALES (reforzados ambos contendientes por los EMBLEM\u00c1TICOS).<br \/>\nAl mismo tiempo primer partido entre: MORANCAS y GUERRERAS.<\/p>\n<p>Posteriormente almorzaremos \u201cpor libre\u201d.<\/p>\n<p>A las 13h 30\u2019: Concentraci\u00f3n en la K\u00e1bila y apertura de barra.<br \/>\nA las 15h: Comida en la K\u00e1bila.<br \/>\nA las 16h: Torneos de juegos de mesa (parch\u00eds, domin\u00f3, p\u00f3ker,\u2026.)<br \/>\nDesde las 18h hasta cierre: Fiesta \u201cConvivencia Fauqu\u00edes\u201d.<\/p>\n<p>NOTAS DE INTER\u00c9S:<br \/>\n* En los juegos de mesa s\u00f3lo podr\u00e1n participar l@s soci@s de Fauqu\u00edes.<br \/>\n* La comida ser\u00e1 gratuita previo aviso con 24 horas de antelaci\u00f3n. Dir\u00edjanse a Iv\u00e1n Botella (677 242 583 o por Whatsapp) o a otro miembro de la Junta Directiva.<\/p>\n","protected":false},"excerpt":{"rendered":"<p>Se adjunta nota de la Directiva de la Comparsa Moros Fauqu\u00edes: \u00a0Estimad@s fester@s, por medio de la presente queremos invitarles a los actos a celebrar con motivo de la II Convivencia \u201cMoros Fauqu\u00edes\u201d que tendr\u00e1 lugar el pr\u00f3ximo s\u00e1bado d\u00eda 16 de Marzo. La jornada ser\u00e1 de puertas abiertas a todo el que lo desee. [&hellip;]<\/p>\n","protected":false},"author":1,"featured_media":0,"comment_status":"closed","ping_status":"closed","sticky":false,"template":"","format":"standard","meta":{"footnotes":""},"categories":[18],"tags":[13,5],"class_list":["post-36","post","type-post","status-publish","format-standard","hentry","category-moros-fauquies","tag-acto-comparsa","tag-moros-fauquies"],"_links":{"self":[{"href":"https:\/\/web.morosycristianosdeaspe.es\/index.php?rest_route=\/wp\/v2\/posts\/36","targetHints":{"allow":["GET"]}}],"collection":[{"href":"https:\/\/web.morosycristianosdeaspe.es\/index.php?rest_route=\/wp\/v2\/posts"}],"about":[{"href":"https:\/\/web.morosycristianosdeaspe.es\/index.php?rest_route=\/wp\/v2\/types\/post"}],"author":[{"embeddable":true,"href":"https:\/\/web.morosycristianosdeaspe.es\/index.php?rest_route=\/wp\/v2\/users\/1"}],"replies":[{"embeddable":true,"href":"https:\/\/web.morosycristianosdeaspe.es\/index.php?rest_route=%2Fwp%2Fv2%2Fcomments&post=36"}],"version-history":[{"count":3,"href":"https:\/\/web.morosycristianosdeaspe.es\/index.php?rest_route=\/wp\/v2\/posts\/36\/revisions"}],"predecessor-version":[{"id":257,"href":"https:\/\/web.morosycristianosdeaspe.es\/index.php?rest_route=\/wp\/v2\/posts\/36\/revisions\/257"}],"wp:attachment":[{"href":"https:\/\/web.morosycristianosdeaspe.es\/index.php?rest_route=%2Fwp%2Fv2%2Fmedia&parent=36"}],"wp:term":[{"taxonomy":"category","embeddable":true,"href":"https:\/\/web.morosycristianosdeaspe.es\/index.php?rest_route=%2Fwp%2Fv2%2Fcategories&post=36"},{"taxonomy":"post_tag","embeddable":true,"href":"https:\/\/web.morosycristianosdeaspe.es\/index.php?rest_route=%2Fwp%2Fv2%2Ftags&post=36"}],"curies":[{"name":"wp","href":"https:\/\/api.w.org\/{rel}","templated":true}]}}