{"id":39,"date":"2013-04-16T20:07:28","date_gmt":"2013-04-16T18:07:28","guid":{"rendered":"http:\/\/noticias.morosycristianosdeaspe.es\/?p=39"},"modified":"2013-06-06T09:35:16","modified_gmt":"2013-06-06T07:35:16","slug":"donativos-para-la-plataforma-contra-el-hambre-de-aspe","status":"publish","type":"post","link":"https:\/\/web.morosycristianosdeaspe.es\/?p=39","title":{"rendered":"Donativos para la Plataforma Contra el Hambre de Aspe."},"content":{"rendered":"<p>Como ya se inform\u00f3, el pr\u00f3ximo d\u00eda 27 de abril en la k\u00e1bila de Moros Fauqu\u00edes, celebraremos la Comida de Convivencia Festera.<\/p>\n<p>Tal y como ya se hizo el pasado a\u00f1o, cada festero adulto que asista a dicha comida, deber\u00e1 aportar 2\u20ac que se donar\u00e1n a la Plataforma Contra el Hambre de Aspe.<\/p>\n<p>Contactad con vuestra respectiva Junta Directiva para realizar dicha aportaci\u00f3n.<\/p>\n","protected":false},"excerpt":{"rendered":"<p>Como ya se inform\u00f3, el pr\u00f3ximo d\u00eda 27 de abril en la k\u00e1bila de Moros Fauqu\u00edes, celebraremos la Comida de Convivencia Festera. Tal y como ya se hizo el pasado a\u00f1o, cada festero adulto que asista a dicha comida, deber\u00e1 aportar 2\u20ac que se donar\u00e1n a la Plataforma Contra el Hambre de Aspe. Contactad con [&hellip;]<\/p>\n","protected":false},"author":1,"featured_media":0,"comment_status":"closed","ping_status":"closed","sticky":false,"template":"","format":"standard","meta":{"footnotes":""},"categories":[3],"tags":[],"class_list":["post-39","post","type-post","status-publish","format-standard","hentry","category-noticia-general"],"_links":{"self":[{"href":"https:\/\/web.morosycristianosdeaspe.es\/index.php?rest_route=\/wp\/v2\/posts\/39","targetHints":{"allow":["GET"]}}],"collection":[{"href":"https:\/\/web.morosycristianosdeaspe.es\/index.php?rest_route=\/wp\/v2\/posts"}],"about":[{"href":"https:\/\/web.morosycristianosdeaspe.es\/index.php?rest_route=\/wp\/v2\/types\/post"}],"author":[{"embeddable":true,"href":"https:\/\/web.morosycristianosdeaspe.es\/index.php?rest_route=\/wp\/v2\/users\/1"}],"replies":[{"embeddable":true,"href":"https:\/\/web.morosycristianosdeaspe.es\/index.php?rest_route=%2Fwp%2Fv2%2Fcomments&post=39"}],"version-history":[{"count":2,"href":"https:\/\/web.morosycristianosdeaspe.es\/index.php?rest_route=\/wp\/v2\/posts\/39\/revisions"}],"predecessor-version":[{"id":255,"href":"https:\/\/web.morosycristianosdeaspe.es\/index.php?rest_route=\/wp\/v2\/posts\/39\/revisions\/255"}],"wp:attachment":[{"href":"https:\/\/web.morosycristianosdeaspe.es\/index.php?rest_route=%2Fwp%2Fv2%2Fmedia&parent=39"}],"wp:term":[{"taxonomy":"category","embeddable":true,"href":"https:\/\/web.morosycristianosdeaspe.es\/index.php?rest_route=%2Fwp%2Fv2%2Fcategories&post=39"},{"taxonomy":"post_tag","embeddable":true,"href":"https:\/\/web.morosycristianosdeaspe.es\/index.php?rest_route=%2Fwp%2Fv2%2Ftags&post=39"}],"curies":[{"name":"wp","href":"https:\/\/api.w.org\/{rel}","templated":true}]}}