{"id":452,"date":"2013-08-12T13:33:06","date_gmt":"2013-08-12T11:33:06","guid":{"rendered":"http:\/\/web.morosycristianosdeaspe.es\/?p=452"},"modified":"2013-08-12T13:34:29","modified_gmt":"2013-08-12T11:34:29","slug":"ix-edicion-premios-miguel-iborra","status":"publish","type":"post","link":"https:\/\/web.morosycristianosdeaspe.es\/?p=452","title":{"rendered":"IX Edici\u00f3n Premios Miguel Iborra"},"content":{"rendered":"<p>La presente edici\u00f3n de los Premios Miguel Iborra ha sido la siguiente:<\/p>\n<table width=\"603\" border=\"1\" cellspacing=\"0\" cellpadding=\"0\">\n<tbody>\n<tr>\n<td style=\"text-align: center;\" valign=\"top\" width=\"149\"><strong>Categor\u00eda<\/strong><\/td>\n<td style=\"text-align: center;\" valign=\"top\" width=\"208\"><strong>Bando Cristiano<\/strong><\/td>\n<td style=\"text-align: center;\" valign=\"top\" width=\"246\"><strong>Bando Moro<\/strong><\/td>\n<\/tr>\n<tr>\n<td rowspan=\"2\" width=\"149\">Mejor fil\u00e1 infantil<\/td>\n<td style=\"text-align: center;\" valign=\"top\" width=\"208\">Fil\u00e1 \u201cAspericas de Maqueda\u201d<\/td>\n<td style=\"text-align: center;\" valign=\"top\" width=\"246\">Fil\u00e1 \u00abMassais\u00bb<\/td>\n<\/tr>\n<tr>\n<td valign=\"top\" width=\"208\">\n<p style=\"text-align: center;\"><img loading=\"lazy\" decoding=\"async\" class=\"size-full wp-image-167 aligncenter\" alt=\"Duque de Maqueda\" src=\"https:\/\/web.morosycristianosdeaspe.es\/wp-content\/uploads\/2013\/05\/Maqueda_w.png\" width=\"71\" height=\"100\" \/><\/p>\n<\/td>\n<td valign=\"top\" width=\"246\">\n<p style=\"text-align: center;\"><img loading=\"lazy\" decoding=\"async\" class=\"size-full wp-image-160 aligncenter\" alt=\"Moros Aljau\" src=\"https:\/\/web.morosycristianosdeaspe.es\/wp-content\/uploads\/2013\/05\/Aljau_w.png\" width=\"105\" height=\"100\" \/><\/p>\n<\/td>\n<\/tr>\n<tr>\n<td rowspan=\"2\" width=\"149\">Mejor cabo femenino<\/td>\n<td style=\"text-align: center;\" valign=\"top\" width=\"208\">Cabo Fil\u00e1 \u201cDamas de Aquitania\u201d<\/td>\n<td style=\"text-align: center;\" valign=\"top\" width=\"246\">Cabo Fil\u00e1 \u00abMorancas\u00bb<\/td>\n<\/tr>\n<tr>\n<td valign=\"top\" width=\"208\">\n<p style=\"text-align: center;\"><img loading=\"lazy\" decoding=\"async\" class=\"size-full wp-image-167 aligncenter\" alt=\"Duque de Maqueda\" src=\"https:\/\/web.morosycristianosdeaspe.es\/wp-content\/uploads\/2013\/05\/Maqueda_w.png\" width=\"71\" height=\"100\" \/><\/p>\n<\/td>\n<td valign=\"top\" width=\"246\">\n<p style=\"text-align: center;\"><img loading=\"lazy\" decoding=\"async\" class=\"size-full wp-image-161 aligncenter\" alt=\"Moros Fauqu\u00edes\" src=\"https:\/\/web.morosycristianosdeaspe.es\/wp-content\/uploads\/2013\/05\/Fauquies_w.png\" width=\"99\" height=\"100\" \/><\/p>\n<\/td>\n<\/tr>\n<tr>\n<td rowspan=\"2\" width=\"149\">Mejor cabo masculino<\/td>\n<td style=\"text-align: center;\" valign=\"top\" width=\"208\">Cabo Fil\u00e1 \u201cPegotes\u201d<\/td>\n<td valign=\"top\" width=\"246\">Ex Aequo: Cabo Fil\u00e1 \u00abLa Pepa\u00bb y Cabo Fil\u00e1 \u201cLuis Canales\u201d<\/td>\n<\/tr>\n<tr>\n<td valign=\"top\" width=\"208\">\n<p style=\"text-align: center;\"><img loading=\"lazy\" decoding=\"async\" class=\"size-full wp-image-167 aligncenter\" alt=\"Duque de Maqueda\" src=\"https:\/\/web.morosycristianosdeaspe.es\/wp-content\/uploads\/2013\/05\/Maqueda_w.png\" width=\"71\" height=\"100\" \/><\/p>\n<\/td>\n<td valign=\"top\" width=\"246\">\n<p style=\"text-align: center;\"><img loading=\"lazy\" decoding=\"async\" class=\"size-full wp-image-161 aligncenter\" alt=\"Moros Fauqu\u00edes\" src=\"https:\/\/web.morosycristianosdeaspe.es\/wp-content\/uploads\/2013\/05\/Fauquies_w.png\" width=\"99\" height=\"100\" \/><\/p>\n<\/td>\n<\/tr>\n<tr>\n<td rowspan=\"2\" width=\"149\">Mejor fil\u00e1 femenina<\/td>\n<td style=\"text-align: center;\" valign=\"top\" width=\"208\">Fil\u00e1 Damas de Aquitania<\/td>\n<td style=\"text-align: center;\" valign=\"top\" width=\"246\">Fil\u00e1 \u00abMorancas\u00bb<\/td>\n<\/tr>\n<tr>\n<td valign=\"top\" width=\"208\"><img loading=\"lazy\" decoding=\"async\" class=\"aligncenter\" alt=\"Duque de Maqueda\" src=\"https:\/\/web.morosycristianosdeaspe.es\/wp-content\/uploads\/2013\/05\/Maqueda_w.png\" width=\"71\" height=\"100\" \/><\/td>\n<td valign=\"top\" width=\"246\"><img loading=\"lazy\" decoding=\"async\" class=\"aligncenter\" alt=\"Moros Fauqu\u00edes\" src=\"https:\/\/web.morosycristianosdeaspe.es\/wp-content\/uploads\/2013\/05\/Fauquies_w.png\" width=\"99\" height=\"100\" \/><\/td>\n<\/tr>\n<tr>\n<td rowspan=\"2\" width=\"149\">Mejor fil\u00e1 masculina<\/td>\n<td style=\"text-align: center;\" valign=\"top\" width=\"208\">Fil\u00e1 Pegotes<\/td>\n<td style=\"text-align: center;\" valign=\"top\" width=\"246\">Fil\u00e1 \u00abLuis Canales\u00bb<\/td>\n<\/tr>\n<tr>\n<td valign=\"top\" width=\"208\"><img loading=\"lazy\" decoding=\"async\" class=\"aligncenter\" alt=\"Duque de Maqueda\" src=\"https:\/\/web.morosycristianosdeaspe.es\/wp-content\/uploads\/2013\/05\/Maqueda_w.png\" width=\"71\" height=\"100\" \/><\/td>\n<td valign=\"top\" width=\"246\"><img loading=\"lazy\" decoding=\"async\" class=\"aligncenter\" alt=\"Moros Fauqu\u00edes\" src=\"https:\/\/web.morosycristianosdeaspe.es\/wp-content\/uploads\/2013\/05\/Fauquies_w.png\" width=\"99\" height=\"100\" \/><\/td>\n<\/tr>\n<\/tbody>\n<\/table>\n<p>&nbsp;<\/p>\n","protected":false},"excerpt":{"rendered":"<p>La presente edici\u00f3n de los Premios Miguel Iborra ha sido la siguiente: Categor\u00eda Bando Cristiano Bando Moro Mejor fil\u00e1 infantil Fil\u00e1 \u201cAspericas de Maqueda\u201d Fil\u00e1 \u00abMassais\u00bb Mejor cabo femenino Cabo Fil\u00e1 \u201cDamas de Aquitania\u201d Cabo Fil\u00e1 \u00abMorancas\u00bb Mejor cabo masculino Cabo Fil\u00e1 \u201cPegotes\u201d Ex Aequo: Cabo Fil\u00e1 \u00abLa Pepa\u00bb y Cabo Fil\u00e1 \u201cLuis Canales\u201d Mejor [&hellip;]<\/p>\n","protected":false},"author":1,"featured_media":0,"comment_status":"closed","ping_status":"closed","sticky":false,"template":"","format":"standard","meta":{"footnotes":""},"categories":[3],"tags":[],"class_list":["post-452","post","type-post","status-publish","format-standard","hentry","category-noticia-general"],"_links":{"self":[{"href":"https:\/\/web.morosycristianosdeaspe.es\/index.php?rest_route=\/wp\/v2\/posts\/452","targetHints":{"allow":["GET"]}}],"collection":[{"href":"https:\/\/web.morosycristianosdeaspe.es\/index.php?rest_route=\/wp\/v2\/posts"}],"about":[{"href":"https:\/\/web.morosycristianosdeaspe.es\/index.php?rest_route=\/wp\/v2\/types\/post"}],"author":[{"embeddable":true,"href":"https:\/\/web.morosycristianosdeaspe.es\/index.php?rest_route=\/wp\/v2\/users\/1"}],"replies":[{"embeddable":true,"href":"https:\/\/web.morosycristianosdeaspe.es\/index.php?rest_route=%2Fwp%2Fv2%2Fcomments&post=452"}],"version-history":[{"count":26,"href":"https:\/\/web.morosycristianosdeaspe.es\/index.php?rest_route=\/wp\/v2\/posts\/452\/revisions"}],"predecessor-version":[{"id":478,"href":"https:\/\/web.morosycristianosdeaspe.es\/index.php?rest_route=\/wp\/v2\/posts\/452\/revisions\/478"}],"wp:attachment":[{"href":"https:\/\/web.morosycristianosdeaspe.es\/index.php?rest_route=%2Fwp%2Fv2%2Fmedia&parent=452"}],"wp:term":[{"taxonomy":"category","embeddable":true,"href":"https:\/\/web.morosycristianosdeaspe.es\/index.php?rest_route=%2Fwp%2Fv2%2Fcategories&post=452"},{"taxonomy":"post_tag","embeddable":true,"href":"https:\/\/web.morosycristianosdeaspe.es\/index.php?rest_route=%2Fwp%2Fv2%2Ftags&post=452"}],"curies":[{"name":"wp","href":"https:\/\/api.w.org\/{rel}","templated":true}]}}