{"id":51,"date":"2013-04-23T10:20:02","date_gmt":"2013-04-23T08:20:02","guid":{"rendered":"http:\/\/noticias.morosycristianosdeaspe.es\/?p=51"},"modified":"2013-06-06T09:34:24","modified_gmt":"2013-06-06T07:34:24","slug":"recordatorio-finaliza-el-plazo-para-presentar-cargos-festeros-2013","status":"publish","type":"post","link":"https:\/\/web.morosycristianosdeaspe.es\/?p=51","title":{"rendered":"Recordatorio: Finaliza el plazo para presentar cargos festeros 2013."},"content":{"rendered":"<p>El pr\u00f3ximo 30\/4\/2013 finaliza el plazo para que cada comparsa informe a la Junta Central de los cargos festeros (adultos e infantiles) que les representar\u00e1 este a\u00f1o.<\/p>\n<p>Tambi\u00e9n se recuerda que es necesario la entega de una fotograf\u00eda de los cargos, preferiblemente juntos (aunque se pueden entregar los adultos en una fotograf\u00eda y los infantiles en otra).<\/p>\n","protected":false},"excerpt":{"rendered":"<p>El pr\u00f3ximo 30\/4\/2013 finaliza el plazo para que cada comparsa informe a la Junta Central de los cargos festeros (adultos e infantiles) que les representar\u00e1 este a\u00f1o. Tambi\u00e9n se recuerda que es necesario la entega de una fotograf\u00eda de los cargos, preferiblemente juntos (aunque se pueden entregar los adultos en una fotograf\u00eda y los infantiles [&hellip;]<\/p>\n","protected":false},"author":1,"featured_media":0,"comment_status":"closed","ping_status":"closed","sticky":false,"template":"","format":"standard","meta":{"footnotes":""},"categories":[3],"tags":[],"class_list":["post-51","post","type-post","status-publish","format-standard","hentry","category-noticia-general"],"_links":{"self":[{"href":"https:\/\/web.morosycristianosdeaspe.es\/index.php?rest_route=\/wp\/v2\/posts\/51","targetHints":{"allow":["GET"]}}],"collection":[{"href":"https:\/\/web.morosycristianosdeaspe.es\/index.php?rest_route=\/wp\/v2\/posts"}],"about":[{"href":"https:\/\/web.morosycristianosdeaspe.es\/index.php?rest_route=\/wp\/v2\/types\/post"}],"author":[{"embeddable":true,"href":"https:\/\/web.morosycristianosdeaspe.es\/index.php?rest_route=\/wp\/v2\/users\/1"}],"replies":[{"embeddable":true,"href":"https:\/\/web.morosycristianosdeaspe.es\/index.php?rest_route=%2Fwp%2Fv2%2Fcomments&post=51"}],"version-history":[{"count":3,"href":"https:\/\/web.morosycristianosdeaspe.es\/index.php?rest_route=\/wp\/v2\/posts\/51\/revisions"}],"predecessor-version":[{"id":252,"href":"https:\/\/web.morosycristianosdeaspe.es\/index.php?rest_route=\/wp\/v2\/posts\/51\/revisions\/252"}],"wp:attachment":[{"href":"https:\/\/web.morosycristianosdeaspe.es\/index.php?rest_route=%2Fwp%2Fv2%2Fmedia&parent=51"}],"wp:term":[{"taxonomy":"category","embeddable":true,"href":"https:\/\/web.morosycristianosdeaspe.es\/index.php?rest_route=%2Fwp%2Fv2%2Fcategories&post=51"},{"taxonomy":"post_tag","embeddable":true,"href":"https:\/\/web.morosycristianosdeaspe.es\/index.php?rest_route=%2Fwp%2Fv2%2Ftags&post=51"}],"curies":[{"name":"wp","href":"https:\/\/api.w.org\/{rel}","templated":true}]}}