{"id":53,"date":"2013-04-23T10:21:57","date_gmt":"2013-04-23T08:21:57","guid":{"rendered":"http:\/\/noticias.morosycristianosdeaspe.es\/?p=53"},"modified":"2013-06-06T09:33:37","modified_gmt":"2013-06-06T07:33:37","slug":"cambio-de-fechas-de-presentacion-de-cargos","status":"publish","type":"post","link":"https:\/\/web.morosycristianosdeaspe.es\/?p=53","title":{"rendered":"Cambio de fechas de presentaci\u00f3n de cargos."},"content":{"rendered":"<p>Las comparsas Duque de Maqueda y Lanceros de Uchel han acordado intercambiar las fechas de sus respectivas presentaciones de cargos festeros.<\/p>\n<p>As\u00ed pues, la presentaci\u00f3n de Lanceros de Uchel se celebrar\u00e1 el d\u00eda 15 de Junio de 2013; y la presentaci\u00f3n de los cargos de Duque de Maqueda se celebrar\u00e1 el d\u00eda 22 de junio.<\/p>\n","protected":false},"excerpt":{"rendered":"<p>Las comparsas Duque de Maqueda y Lanceros de Uchel han acordado intercambiar las fechas de sus respectivas presentaciones de cargos festeros. As\u00ed pues, la presentaci\u00f3n de Lanceros de Uchel se celebrar\u00e1 el d\u00eda 15 de Junio de 2013; y la presentaci\u00f3n de los cargos de Duque de Maqueda se celebrar\u00e1 el d\u00eda 22 de junio.<\/p>\n","protected":false},"author":1,"featured_media":0,"comment_status":"closed","ping_status":"closed","sticky":false,"template":"","format":"standard","meta":{"footnotes":""},"categories":[23,22],"tags":[],"class_list":["post-53","post","type-post","status-publish","format-standard","hentry","category-duque-de-maqueda","category-lanceros-de-uchel"],"_links":{"self":[{"href":"https:\/\/web.morosycristianosdeaspe.es\/index.php?rest_route=\/wp\/v2\/posts\/53","targetHints":{"allow":["GET"]}}],"collection":[{"href":"https:\/\/web.morosycristianosdeaspe.es\/index.php?rest_route=\/wp\/v2\/posts"}],"about":[{"href":"https:\/\/web.morosycristianosdeaspe.es\/index.php?rest_route=\/wp\/v2\/types\/post"}],"author":[{"embeddable":true,"href":"https:\/\/web.morosycristianosdeaspe.es\/index.php?rest_route=\/wp\/v2\/users\/1"}],"replies":[{"embeddable":true,"href":"https:\/\/web.morosycristianosdeaspe.es\/index.php?rest_route=%2Fwp%2Fv2%2Fcomments&post=53"}],"version-history":[{"count":2,"href":"https:\/\/web.morosycristianosdeaspe.es\/index.php?rest_route=\/wp\/v2\/posts\/53\/revisions"}],"predecessor-version":[{"id":250,"href":"https:\/\/web.morosycristianosdeaspe.es\/index.php?rest_route=\/wp\/v2\/posts\/53\/revisions\/250"}],"wp:attachment":[{"href":"https:\/\/web.morosycristianosdeaspe.es\/index.php?rest_route=%2Fwp%2Fv2%2Fmedia&parent=53"}],"wp:term":[{"taxonomy":"category","embeddable":true,"href":"https:\/\/web.morosycristianosdeaspe.es\/index.php?rest_route=%2Fwp%2Fv2%2Fcategories&post=53"},{"taxonomy":"post_tag","embeddable":true,"href":"https:\/\/web.morosycristianosdeaspe.es\/index.php?rest_route=%2Fwp%2Fv2%2Ftags&post=53"}],"curies":[{"name":"wp","href":"https:\/\/api.w.org\/{rel}","templated":true}]}}