{"id":540,"date":"2013-10-25T14:48:10","date_gmt":"2013-10-25T12:48:10","guid":{"rendered":"http:\/\/web.morosycristianosdeaspe.es\/?p=540"},"modified":"2013-10-25T16:29:40","modified_gmt":"2013-10-25T14:29:40","slug":"convocatoria-de-asamblea-general-ordinaria","status":"publish","type":"post","link":"https:\/\/web.morosycristianosdeaspe.es\/?p=540","title":{"rendered":"Convocatoria de Asamblea General Ordinaria"},"content":{"rendered":"<p>Seg\u00fan acuerdo de Junta de Gobierno celebrada el 24 de Octubre de 2013, la Uni\u00f3n de Moros y Cristianos Virgen de las Nieves de Aspe convoca a todos los festeros y festeras a la <b>Asamblea General Ordinaria<\/b>, el<b> <\/b>pr\u00f3ximo s\u00e1bado <strong><span style=\"text-decoration: underline;\">23 de Noviembre de 2013<\/span><\/strong> en la sede de la Comunidad de Regantes Virgen de las Nieves (\u00abPartidor de Agua\u00bb en C\/ Castelar, N\u00ba 22), a las 17:30 horas en 1\u00aa convocatoria y a las 18:00 horas en 2\u00aa convocatoria, siendo el orden del d\u00eda el siguiente:<\/p>\n<ol>\n<li>Lectura y Aprobaci\u00f3n, si procede, del Acta de las Asambleas Ordinaria y Extraordinaria del 26 de Enero de 2013.<\/li>\n<li>Presentaci\u00f3n de Balance Econ\u00f3mico 2013 y aprobaci\u00f3n si procede.<\/li>\n<li>Presentaci\u00f3n del Presupuesto 2014 y aprobaci\u00f3n si procede.<\/li>\n<li>Presentaci\u00f3n del Calendario Festero 2014.<\/li>\n<li>Dar cuenta de decisiones extraordinarias adoptadas por la Junta Directiva de la Uni\u00f3n en 2013.<\/li>\n<li>Informar del Proyecto de reforma de normas internas de la Uni\u00f3n de Moros y Cristianos Virgen de las Nieves.<\/li>\n<li>Informe del Presidente.<\/li>\n<li>Ruegos y Preguntas.<\/li>\n<\/ol>\n<p><em>NOTA.- El Censo Oficial de Festeros de la Uni\u00f3n de Moros y Cristianos Virgen de las Nieves de Aspe estar\u00e1 expuesto todos los lunes de 20:30 a 22:00 horas en la sede de la Uni\u00f3n (c\/ Francisco Candela, 19). As\u00ed mismo, cada comparsa dispone de una copia de dicho censo correspondiente a sus respectivos festeros.<\/em><\/p>\n<p>&nbsp;<\/p>\n","protected":false},"excerpt":{"rendered":"<p>Seg\u00fan acuerdo de Junta de Gobierno celebrada el 24 de Octubre de 2013, la Uni\u00f3n de Moros y Cristianos Virgen de las Nieves de Aspe convoca a todos los festeros y festeras a la Asamblea General Ordinaria, el pr\u00f3ximo s\u00e1bado 23 de Noviembre de 2013 en la sede de la Comunidad de Regantes Virgen de [&hellip;]<\/p>\n","protected":false},"author":1,"featured_media":0,"comment_status":"closed","ping_status":"closed","sticky":false,"template":"","format":"standard","meta":{"footnotes":""},"categories":[1],"tags":[],"class_list":["post-540","post","type-post","status-publish","format-standard","hentry","category-nocat"],"_links":{"self":[{"href":"https:\/\/web.morosycristianosdeaspe.es\/index.php?rest_route=\/wp\/v2\/posts\/540","targetHints":{"allow":["GET"]}}],"collection":[{"href":"https:\/\/web.morosycristianosdeaspe.es\/index.php?rest_route=\/wp\/v2\/posts"}],"about":[{"href":"https:\/\/web.morosycristianosdeaspe.es\/index.php?rest_route=\/wp\/v2\/types\/post"}],"author":[{"embeddable":true,"href":"https:\/\/web.morosycristianosdeaspe.es\/index.php?rest_route=\/wp\/v2\/users\/1"}],"replies":[{"embeddable":true,"href":"https:\/\/web.morosycristianosdeaspe.es\/index.php?rest_route=%2Fwp%2Fv2%2Fcomments&post=540"}],"version-history":[{"count":5,"href":"https:\/\/web.morosycristianosdeaspe.es\/index.php?rest_route=\/wp\/v2\/posts\/540\/revisions"}],"predecessor-version":[{"id":547,"href":"https:\/\/web.morosycristianosdeaspe.es\/index.php?rest_route=\/wp\/v2\/posts\/540\/revisions\/547"}],"wp:attachment":[{"href":"https:\/\/web.morosycristianosdeaspe.es\/index.php?rest_route=%2Fwp%2Fv2%2Fmedia&parent=540"}],"wp:term":[{"taxonomy":"category","embeddable":true,"href":"https:\/\/web.morosycristianosdeaspe.es\/index.php?rest_route=%2Fwp%2Fv2%2Fcategories&post=540"},{"taxonomy":"post_tag","embeddable":true,"href":"https:\/\/web.morosycristianosdeaspe.es\/index.php?rest_route=%2Fwp%2Fv2%2Ftags&post=540"}],"curies":[{"name":"wp","href":"https:\/\/api.w.org\/{rel}","templated":true}]}}