{"id":550,"date":"2013-11-03T23:03:38","date_gmt":"2013-11-03T22:03:38","guid":{"rendered":"http:\/\/web.morosycristianosdeaspe.es\/?p=550"},"modified":"2013-11-03T23:07:13","modified_gmt":"2013-11-03T22:07:13","slug":"expofiesta-2013","status":"publish","type":"post","link":"https:\/\/web.morosycristianosdeaspe.es\/?p=550","title":{"rendered":"Expofiesta 2013"},"content":{"rendered":"<p>Los pr\u00f3ximos viernes 8, s\u00e1bado 9 y domingo 10 de Noviembre se celebrar\u00e1 la feria Expofiesta en el recinto de la Instituci\u00f3n Ferial Alicantina (Pabell\u00f3n II).<\/p>\n<p>La Uni\u00f3n de Moros y Cristianos Virgen de las Nieves, junto con la Concejal\u00eda de Turismo del Ayuntamiento de Aspe, tendr\u00e1n presencia en dicha feria al disponer de un stand donde se continuar\u00e1 con la labor de divulgaci\u00f3n y promoci\u00f3n de nuestras Fiestas de Moros y Cristianos.<\/p>\n","protected":false},"excerpt":{"rendered":"<p>Los pr\u00f3ximos viernes 8, s\u00e1bado 9 y domingo 10 de Noviembre se celebrar\u00e1 la feria Expofiesta en el recinto de la Instituci\u00f3n Ferial Alicantina (Pabell\u00f3n II). La Uni\u00f3n de Moros y Cristianos Virgen de las Nieves, junto con la Concejal\u00eda de Turismo del Ayuntamiento de Aspe, tendr\u00e1n presencia en dicha feria al disponer de un [&hellip;]<\/p>\n","protected":false},"author":1,"featured_media":0,"comment_status":"closed","ping_status":"closed","sticky":false,"template":"","format":"standard","meta":{"footnotes":""},"categories":[3],"tags":[],"class_list":["post-550","post","type-post","status-publish","format-standard","hentry","category-noticia-general"],"_links":{"self":[{"href":"https:\/\/web.morosycristianosdeaspe.es\/index.php?rest_route=\/wp\/v2\/posts\/550","targetHints":{"allow":["GET"]}}],"collection":[{"href":"https:\/\/web.morosycristianosdeaspe.es\/index.php?rest_route=\/wp\/v2\/posts"}],"about":[{"href":"https:\/\/web.morosycristianosdeaspe.es\/index.php?rest_route=\/wp\/v2\/types\/post"}],"author":[{"embeddable":true,"href":"https:\/\/web.morosycristianosdeaspe.es\/index.php?rest_route=\/wp\/v2\/users\/1"}],"replies":[{"embeddable":true,"href":"https:\/\/web.morosycristianosdeaspe.es\/index.php?rest_route=%2Fwp%2Fv2%2Fcomments&post=550"}],"version-history":[{"count":3,"href":"https:\/\/web.morosycristianosdeaspe.es\/index.php?rest_route=\/wp\/v2\/posts\/550\/revisions"}],"predecessor-version":[{"id":553,"href":"https:\/\/web.morosycristianosdeaspe.es\/index.php?rest_route=\/wp\/v2\/posts\/550\/revisions\/553"}],"wp:attachment":[{"href":"https:\/\/web.morosycristianosdeaspe.es\/index.php?rest_route=%2Fwp%2Fv2%2Fmedia&parent=550"}],"wp:term":[{"taxonomy":"category","embeddable":true,"href":"https:\/\/web.morosycristianosdeaspe.es\/index.php?rest_route=%2Fwp%2Fv2%2Fcategories&post=550"},{"taxonomy":"post_tag","embeddable":true,"href":"https:\/\/web.morosycristianosdeaspe.es\/index.php?rest_route=%2Fwp%2Fv2%2Ftags&post=550"}],"curies":[{"name":"wp","href":"https:\/\/api.w.org\/{rel}","templated":true}]}}