{"id":554,"date":"2013-11-07T10:27:06","date_gmt":"2013-11-07T09:27:06","guid":{"rendered":"http:\/\/web.morosycristianosdeaspe.es\/?p=554"},"modified":"2013-11-07T21:37:49","modified_gmt":"2013-11-07T20:37:49","slug":"invitaciones-para-expofiesta-2013","status":"publish","type":"post","link":"https:\/\/web.morosycristianosdeaspe.es\/?p=554","title":{"rendered":"Invitaciones para Expofiesta 2013"},"content":{"rendered":"<p>Horario de Expofiesta: 10:30h a 21:00h (Viernes, S\u00e1bado y Domingo)<\/p>\n<p>Precio de la entrada: 3\u20ac (Entrada gratuita para menores de 12 a\u00f1os)<\/p>\n<p>P\u00e1rking: 2\u20ac (precio \u00fanico todo el d\u00eda)<\/p>\n<p>La Uni\u00f3n de Moros y Cristiano dispone de invitaciones GRATUITAS para acceder a la feria. Aquel festero o festera que desee asistir, puede recoger su invitaci\u00f3n en la sede de la Uni\u00f3n (c\/ Francisco Candela, 19), hoy jueves 7 de Noviembre, de 20:00h a 22:00h.<\/p>\n<p>Al disponer de un n\u00famero muy limitado de invitaciones, s\u00f3lo se dar\u00e1 una por festero hasta fin de existencias.<\/p>\n","protected":false},"excerpt":{"rendered":"<p>Horario de Expofiesta: 10:30h a 21:00h (Viernes, S\u00e1bado y Domingo) Precio de la entrada: 3\u20ac (Entrada gratuita para menores de 12 a\u00f1os) P\u00e1rking: 2\u20ac (precio \u00fanico todo el d\u00eda) La Uni\u00f3n de Moros y Cristiano dispone de invitaciones GRATUITAS para acceder a la feria. Aquel festero o festera que desee asistir, puede recoger su invitaci\u00f3n [&hellip;]<\/p>\n","protected":false},"author":1,"featured_media":0,"comment_status":"closed","ping_status":"closed","sticky":false,"template":"","format":"standard","meta":{"footnotes":""},"categories":[3],"tags":[],"class_list":["post-554","post","type-post","status-publish","format-standard","hentry","category-noticia-general"],"_links":{"self":[{"href":"https:\/\/web.morosycristianosdeaspe.es\/index.php?rest_route=\/wp\/v2\/posts\/554","targetHints":{"allow":["GET"]}}],"collection":[{"href":"https:\/\/web.morosycristianosdeaspe.es\/index.php?rest_route=\/wp\/v2\/posts"}],"about":[{"href":"https:\/\/web.morosycristianosdeaspe.es\/index.php?rest_route=\/wp\/v2\/types\/post"}],"author":[{"embeddable":true,"href":"https:\/\/web.morosycristianosdeaspe.es\/index.php?rest_route=\/wp\/v2\/users\/1"}],"replies":[{"embeddable":true,"href":"https:\/\/web.morosycristianosdeaspe.es\/index.php?rest_route=%2Fwp%2Fv2%2Fcomments&post=554"}],"version-history":[{"count":5,"href":"https:\/\/web.morosycristianosdeaspe.es\/index.php?rest_route=\/wp\/v2\/posts\/554\/revisions"}],"predecessor-version":[{"id":559,"href":"https:\/\/web.morosycristianosdeaspe.es\/index.php?rest_route=\/wp\/v2\/posts\/554\/revisions\/559"}],"wp:attachment":[{"href":"https:\/\/web.morosycristianosdeaspe.es\/index.php?rest_route=%2Fwp%2Fv2%2Fmedia&parent=554"}],"wp:term":[{"taxonomy":"category","embeddable":true,"href":"https:\/\/web.morosycristianosdeaspe.es\/index.php?rest_route=%2Fwp%2Fv2%2Fcategories&post=554"},{"taxonomy":"post_tag","embeddable":true,"href":"https:\/\/web.morosycristianosdeaspe.es\/index.php?rest_route=%2Fwp%2Fv2%2Ftags&post=554"}],"curies":[{"name":"wp","href":"https:\/\/api.w.org\/{rel}","templated":true}]}}