{"id":561,"date":"2013-11-13T23:55:21","date_gmt":"2013-11-13T22:55:21","guid":{"rendered":"http:\/\/web.morosycristianosdeaspe.es\/?p=561"},"modified":"2013-11-14T00:48:08","modified_gmt":"2013-11-13T23:48:08","slug":"acto-de-la-concordia-entre-el-conde-juan-ruiz-de-corella-y-gutierre-de-cardenas","status":"publish","type":"post","link":"https:\/\/web.morosycristianosdeaspe.es\/?p=561","title":{"rendered":"Acto de \u00abLa Concordia entre el Conde Juan Ru\u00edz de Corella y Gutierre de C\u00e1rdenas\u201d."},"content":{"rendered":"<p>La Uni\u00f3n de Moros y Cristianos Virgen de las Nieves ha incluido otro d\u00eda festero en el calendario de actividades para este a\u00f1o 2013. Se trata del pr\u00f3ximo d\u00eda <strong>1 de diciembre de 2013<\/strong>, domingo.<\/p>\n<p>Con el fin de que no se nos haga muy larga la espera desde las Fiestas de Agosto hasta la Media Fiesta, la Uni\u00f3n ha organizado una iniciativa del Sr. Alcalde de Aspe consistente en la representaci\u00f3n del acto de \u201cLa Concordia entre el Conde Juan Ru\u00edz de Corella y Gutierre de C\u00e1rdenas\u201d.<\/p>\n<p>La Junta Central ha solicitado a las comparsas que os transmitan la celebraci\u00f3n de este acto, y que os inviten a participar tanto en la representaci\u00f3n, como en la entrada y actividades que se realizar\u00e1n ese d\u00eda.<\/p>\n<p>El festero o festera que desee participar en la representaci\u00f3n teatral de dicho acto, debe de comunicarlo a su comparsa antes del pr\u00f3ximo d\u00eda 21 de Noviembre.<\/p>\n<p>El programa provisional (si se producen cambios de horario se publicar\u00e1n en esta web) es el siguiente:<\/p>\n<ul>\n<li>12:00h. Salida de una \u00abEntrada\u00bb desde la Cruz de Orihuela hasta la Plaza Mayor.<\/li>\n<li>13:00h. Representaci\u00f3n en la Plaza Mayor del Acto de \u00abLa Concordia&#8230;\u00bb.<\/li>\n<li>14:30h. Comida en un cuartelillo\/k\u00e1bila por determinar.<\/li>\n<\/ul>\n<p>NOTA.- En la \u00abEntrada\u00bb es imprescindible el uso de traje oficial.<\/p>\n","protected":false},"excerpt":{"rendered":"<p>La Uni\u00f3n de Moros y Cristianos Virgen de las Nieves ha incluido otro d\u00eda festero en el calendario de actividades para este a\u00f1o 2013. Se trata del pr\u00f3ximo d\u00eda 1 de diciembre de 2013, domingo. Con el fin de que no se nos haga muy larga la espera desde las Fiestas de Agosto hasta la [&hellip;]<\/p>\n","protected":false},"author":1,"featured_media":0,"comment_status":"closed","ping_status":"closed","sticky":false,"template":"","format":"standard","meta":{"footnotes":""},"categories":[16],"tags":[],"class_list":["post-561","post","type-post","status-publish","format-standard","hentry","category-actos-oficiales"],"_links":{"self":[{"href":"https:\/\/web.morosycristianosdeaspe.es\/index.php?rest_route=\/wp\/v2\/posts\/561","targetHints":{"allow":["GET"]}}],"collection":[{"href":"https:\/\/web.morosycristianosdeaspe.es\/index.php?rest_route=\/wp\/v2\/posts"}],"about":[{"href":"https:\/\/web.morosycristianosdeaspe.es\/index.php?rest_route=\/wp\/v2\/types\/post"}],"author":[{"embeddable":true,"href":"https:\/\/web.morosycristianosdeaspe.es\/index.php?rest_route=\/wp\/v2\/users\/1"}],"replies":[{"embeddable":true,"href":"https:\/\/web.morosycristianosdeaspe.es\/index.php?rest_route=%2Fwp%2Fv2%2Fcomments&post=561"}],"version-history":[{"count":1,"href":"https:\/\/web.morosycristianosdeaspe.es\/index.php?rest_route=\/wp\/v2\/posts\/561\/revisions"}],"predecessor-version":[{"id":562,"href":"https:\/\/web.morosycristianosdeaspe.es\/index.php?rest_route=\/wp\/v2\/posts\/561\/revisions\/562"}],"wp:attachment":[{"href":"https:\/\/web.morosycristianosdeaspe.es\/index.php?rest_route=%2Fwp%2Fv2%2Fmedia&parent=561"}],"wp:term":[{"taxonomy":"category","embeddable":true,"href":"https:\/\/web.morosycristianosdeaspe.es\/index.php?rest_route=%2Fwp%2Fv2%2Fcategories&post=561"},{"taxonomy":"post_tag","embeddable":true,"href":"https:\/\/web.morosycristianosdeaspe.es\/index.php?rest_route=%2Fwp%2Fv2%2Ftags&post=561"}],"curies":[{"name":"wp","href":"https:\/\/api.w.org\/{rel}","templated":true}]}}