{"id":564,"date":"2013-11-25T15:05:41","date_gmt":"2013-11-25T14:05:41","guid":{"rendered":"http:\/\/web.morosycristianosdeaspe.es\/?p=564"},"modified":"2014-02-03T13:43:16","modified_gmt":"2014-02-03T12:43:16","slug":"calendario-festero-2014","status":"publish","type":"post","link":"https:\/\/web.morosycristianosdeaspe.es\/?p=564","title":{"rendered":"Calendario festero 2014"},"content":{"rendered":"<p>En la Asamblea General Ordinaria del pasado d\u00eda 23 de Noviembre, se present\u00f3 el calendario festero 2014, con las siguientes fechas:<\/p>\n<table width=\"365\" border=\"0\" cellspacing=\"0\" cellpadding=\"0\">\n<colgroup>\n<col width=\"28\" \/>\n<col width=\"32\" \/>\n<col width=\"305\" \/> <\/colgroup>\n<tbody>\n<tr>\n<td colspan=\"3\" width=\"60\" height=\"20\">Actos Oficiales<\/td>\n<\/tr>\n<tr>\n<td height=\"20\">D\u00eda<\/td>\n<td>Mes<\/td>\n<td>Evento<\/td>\n<\/tr>\n<tr>\n<td height=\"20\">15<\/td>\n<td>2<\/td>\n<td>Media Fiesta<\/td>\n<\/tr>\n<tr>\n<td height=\"20\">1<\/td>\n<td>3<\/td>\n<td>Apertura Plazo Concurso Cartel Anunciador<\/td>\n<\/tr>\n<tr>\n<td height=\"20\">8<\/td>\n<td>3<\/td>\n<td>Asamblea de UNDEF<\/td>\n<\/tr>\n<tr>\n<td height=\"20\">9<\/td>\n<td>3<\/td>\n<td>Asamblea de UNDEF<\/td>\n<\/tr>\n<tr>\n<td height=\"20\">26<\/td>\n<td>4<\/td>\n<td>D\u00eda de Convivencia Festera<\/td>\n<\/tr>\n<tr>\n<td height=\"20\">23<\/td>\n<td>5<\/td>\n<td>Inaug. exposici\u00f3n de carteles + reuni\u00f3n de jurado<\/td>\n<\/tr>\n<tr>\n<td height=\"20\">24<\/td>\n<td>5<\/td>\n<td>Proclamaci\u00f3n cargos 2014-carteles-PMI 2013<\/td>\n<\/tr>\n<tr>\n<td height=\"20\">7<\/td>\n<td>6<\/td>\n<td>Presentaci\u00f3n comparsa<\/td>\n<\/tr>\n<tr>\n<td height=\"20\">14<\/td>\n<td>6<\/td>\n<td>Presentaci\u00f3n comparsa<\/td>\n<\/tr>\n<tr>\n<td height=\"20\">21<\/td>\n<td>6<\/td>\n<td>Presentaci\u00f3n comparsa<\/td>\n<\/tr>\n<tr>\n<td height=\"20\">28<\/td>\n<td>6<\/td>\n<td>Presentaci\u00f3n comparsa<\/td>\n<\/tr>\n<tr>\n<td height=\"20\">5<\/td>\n<td>7<\/td>\n<td>Presentaci\u00f3n comparsa<\/td>\n<\/tr>\n<tr>\n<td height=\"20\">12<\/td>\n<td>7<\/td>\n<td>Presentaci\u00f3n comparsa<\/td>\n<\/tr>\n<tr>\n<td height=\"20\">19<\/td>\n<td>7<\/td>\n<td>Presentaci\u00f3n comparsa<\/td>\n<\/tr>\n<tr>\n<td height=\"20\">26<\/td>\n<td>7<\/td>\n<td>Presentaci\u00f3n Cargos al Pueblo<\/td>\n<\/tr>\n<tr>\n<td height=\"20\">7<\/td>\n<td>8<\/td>\n<td>Entrada Bandas \/ Retreta<\/td>\n<\/tr>\n<tr>\n<td height=\"20\">8<\/td>\n<td>8<\/td>\n<td>Pasacalle festero \/ Entrada Mora<\/td>\n<\/tr>\n<tr>\n<td height=\"20\">9<\/td>\n<td>8<\/td>\n<td>Pasacalle Asilo \/ Entrada Infantil \/ Guerrilla \/Embajada<\/td>\n<\/tr>\n<tr>\n<td height=\"20\">10<\/td>\n<td>8<\/td>\n<td>Entrada Cristiana<\/td>\n<\/tr>\n<tr>\n<td height=\"20\">29<\/td>\n<td>11<\/td>\n<td>Asamblea General Ordinaria<\/td>\n<\/tr>\n<tr>\n<td height=\"20\">30<\/td>\n<td>11<\/td>\n<td>Representaci\u00f3n Acto de \u00abLa Concordia\u00bb<\/td>\n<\/tr>\n<\/tbody>\n<\/table>\n","protected":false},"excerpt":{"rendered":"<p>En la Asamblea General Ordinaria del pasado d\u00eda 23 de Noviembre, se present\u00f3 el calendario festero 2014, con las siguientes fechas: Actos Oficiales D\u00eda Mes Evento 15 2 Media Fiesta 1 3 Apertura Plazo Concurso Cartel Anunciador 8 3 Asamblea de UNDEF 9 3 Asamblea de UNDEF 26 4 D\u00eda de Convivencia Festera 23 5 [&hellip;]<\/p>\n","protected":false},"author":1,"featured_media":0,"comment_status":"closed","ping_status":"closed","sticky":false,"template":"","format":"standard","meta":{"footnotes":""},"categories":[16,3],"tags":[],"class_list":["post-564","post","type-post","status-publish","format-standard","hentry","category-actos-oficiales","category-noticia-general"],"_links":{"self":[{"href":"https:\/\/web.morosycristianosdeaspe.es\/index.php?rest_route=\/wp\/v2\/posts\/564","targetHints":{"allow":["GET"]}}],"collection":[{"href":"https:\/\/web.morosycristianosdeaspe.es\/index.php?rest_route=\/wp\/v2\/posts"}],"about":[{"href":"https:\/\/web.morosycristianosdeaspe.es\/index.php?rest_route=\/wp\/v2\/types\/post"}],"author":[{"embeddable":true,"href":"https:\/\/web.morosycristianosdeaspe.es\/index.php?rest_route=\/wp\/v2\/users\/1"}],"replies":[{"embeddable":true,"href":"https:\/\/web.morosycristianosdeaspe.es\/index.php?rest_route=%2Fwp%2Fv2%2Fcomments&post=564"}],"version-history":[{"count":4,"href":"https:\/\/web.morosycristianosdeaspe.es\/index.php?rest_route=\/wp\/v2\/posts\/564\/revisions"}],"predecessor-version":[{"id":568,"href":"https:\/\/web.morosycristianosdeaspe.es\/index.php?rest_route=\/wp\/v2\/posts\/564\/revisions\/568"}],"wp:attachment":[{"href":"https:\/\/web.morosycristianosdeaspe.es\/index.php?rest_route=%2Fwp%2Fv2%2Fmedia&parent=564"}],"wp:term":[{"taxonomy":"category","embeddable":true,"href":"https:\/\/web.morosycristianosdeaspe.es\/index.php?rest_route=%2Fwp%2Fv2%2Fcategories&post=564"},{"taxonomy":"post_tag","embeddable":true,"href":"https:\/\/web.morosycristianosdeaspe.es\/index.php?rest_route=%2Fwp%2Fv2%2Ftags&post=564"}],"curies":[{"name":"wp","href":"https:\/\/api.w.org\/{rel}","templated":true}]}}