{"id":59,"date":"2013-05-08T22:27:40","date_gmt":"2013-05-08T20:27:40","guid":{"rendered":"http:\/\/noticias.morosycristianosdeaspe.es\/?p=59"},"modified":"2013-06-06T09:33:11","modified_gmt":"2013-06-06T07:33:11","slug":"proximos-eventos","status":"publish","type":"post","link":"https:\/\/web.morosycristianosdeaspe.es\/?p=59","title":{"rendered":"Pr\u00f3ximos Eventos."},"content":{"rendered":"<p>En Junta de Presidentes del pasado d\u00eda 29 de Abril, se acord\u00f3 celebrar la <b>Comida de Convivencia Festera<\/b> en la k\u00e1bila de Moros Fauqu\u00edes el pr\u00f3ximo s\u00e1bado d\u00eda <span style=\"color: #800000;\"><b>18 de Mayo<\/b>.<\/span> Las comparsas deber\u00e1n informar a la Uni\u00f3n antes del d\u00faia 15 de Mayo del n\u00famero de comensales.<\/p>\n<p>El d\u00eda <b><span style=\"color: #880000;\">22 de Mayo<\/span><\/b> finaliza el plazo de presentaci\u00f3n de trabajos para el \u00abConcurso de Cartel Anunciador de las Fiestas de Moros y Cristianos de Aspe 2013\u00bb. La dotaci\u00f3n de los premios es de 600\u20ac para el primer premio y 200\u20ac para el accesit. Las bases se pueden descargar accediendo al siguiente enlace: <a title=\"Bases Concurso Cartel 2013\" href=\"http:\/\/www.morosycristianosdeaspe.es\/DocGral\/Bases_CONCURSO_CARTEL_ANUNCIADOR_2013.pdf\" target=\"_blank\">Bases Cartel Anunciador 2013.<\/a>\u00a0<\/p>\n<p>El d\u00eda <b><span style=\"color: #880000;\">24 de Mayo<\/span><\/b>, a las 20:30 horas se inugurar\u00e1 en el hall del Teatro Wagner la exposici\u00f3n de los carteles anunciadores que han entrado a concurso.<\/p>\n<p>El d\u00eda <span style=\"color: #880000;\"><b>25 de Mayo<\/b><\/span>, a las 20:00 en el Teatro Wagner se celebrar\u00e1 el acto de \u00abProclamaci\u00f3n de Cargos Festeros 2013 a los Festeros\u00bb, m\u00e1s conocido como \u00abPresentaci\u00f3n del Wagner\u00bb. En dicho acto, adem\u00e1s de la presentaci\u00f3n a los festeros de los cargos de cada comparsa (capitanes y abanderas) y de los cargos de la uni\u00f3n (Sultanes y Reyes), se dar\u00e1 a conocer el fallo de concurso de carteles anunciadores y se entregar\u00e1n los premios a los ganadores de la VIII edici\u00f3n de los Premios Miguel Iborra. Para los festeros m\u00e1s madrugadores hay reservado un \u00abentretenimiento\u00bb a las 19:45 en el mismo Teatro Wagner. Por ello, las puertas ser\u00e1n abiertas a las 19:30.<\/p>\n","protected":false},"excerpt":{"rendered":"<p>En Junta de Presidentes del pasado d\u00eda 29 de Abril, se acord\u00f3 celebrar la Comida de Convivencia Festera en la k\u00e1bila de Moros Fauqu\u00edes el pr\u00f3ximo s\u00e1bado d\u00eda 18 de Mayo. Las comparsas deber\u00e1n informar a la Uni\u00f3n antes del d\u00faia 15 de Mayo del n\u00famero de comensales. El d\u00eda 22 de Mayo finaliza el [&hellip;]<\/p>\n","protected":false},"author":1,"featured_media":0,"comment_status":"closed","ping_status":"closed","sticky":false,"template":"","format":"standard","meta":{"footnotes":""},"categories":[3],"tags":[],"class_list":["post-59","post","type-post","status-publish","format-standard","hentry","category-noticia-general"],"_links":{"self":[{"href":"https:\/\/web.morosycristianosdeaspe.es\/index.php?rest_route=\/wp\/v2\/posts\/59","targetHints":{"allow":["GET"]}}],"collection":[{"href":"https:\/\/web.morosycristianosdeaspe.es\/index.php?rest_route=\/wp\/v2\/posts"}],"about":[{"href":"https:\/\/web.morosycristianosdeaspe.es\/index.php?rest_route=\/wp\/v2\/types\/post"}],"author":[{"embeddable":true,"href":"https:\/\/web.morosycristianosdeaspe.es\/index.php?rest_route=\/wp\/v2\/users\/1"}],"replies":[{"embeddable":true,"href":"https:\/\/web.morosycristianosdeaspe.es\/index.php?rest_route=%2Fwp%2Fv2%2Fcomments&post=59"}],"version-history":[{"count":2,"href":"https:\/\/web.morosycristianosdeaspe.es\/index.php?rest_route=\/wp\/v2\/posts\/59\/revisions"}],"predecessor-version":[{"id":249,"href":"https:\/\/web.morosycristianosdeaspe.es\/index.php?rest_route=\/wp\/v2\/posts\/59\/revisions\/249"}],"wp:attachment":[{"href":"https:\/\/web.morosycristianosdeaspe.es\/index.php?rest_route=%2Fwp%2Fv2%2Fmedia&parent=59"}],"wp:term":[{"taxonomy":"category","embeddable":true,"href":"https:\/\/web.morosycristianosdeaspe.es\/index.php?rest_route=%2Fwp%2Fv2%2Fcategories&post=59"},{"taxonomy":"post_tag","embeddable":true,"href":"https:\/\/web.morosycristianosdeaspe.es\/index.php?rest_route=%2Fwp%2Fv2%2Ftags&post=59"}],"curies":[{"name":"wp","href":"https:\/\/api.w.org\/{rel}","templated":true}]}}