{"id":657,"date":"2014-01-28T21:44:13","date_gmt":"2014-01-28T20:44:13","guid":{"rendered":"http:\/\/web.morosycristianosdeaspe.es\/?p=657"},"modified":"2014-02-03T13:41:26","modified_gmt":"2014-02-03T12:41:26","slug":"media-fiesta-2014","status":"publish","type":"post","link":"https:\/\/web.morosycristianosdeaspe.es\/?p=657","title":{"rendered":"Media Fiesta 2014"},"content":{"rendered":"<p>El pr\u00f3ximo 15 de Febrero, las 8 comparsas que componen la Uni\u00f3n de Moros y Cristianos de Aspe, celebraremos la Media Fiesta.<\/p>\n<p>Los actos organizados por la Uni\u00f3n ser\u00e1n:<\/p>\n<h2>Entrada de Bandas.<\/h2>\n<p><strong>Hora de salida:<\/strong> 18:00h<\/p>\n<p><strong>Itinerario:<\/strong> c\/ Dr. Mara\u00f1\u00f3n, Parque Dr. Calatayud, c\/ Pedro Galipienso, Av. Constituci\u00f3n, Arco del Ayuntamiento, Plaza Mayor.<\/p>\n<h2>Retreta.<\/h2>\n<p><strong>Hora de salida:<\/strong> 21:00h<\/p>\n<p><strong>Itinerario:<\/strong> c\/ Col\u00f3n, c\/ Sol, c\/ Santa Faz, Parque Dr. Calatayud, c\/ Pedro Galipienso, Fuente Av. Constituci\u00f3n.<\/p>\n<p>El orden de las comparsas en ambos actos ser\u00e1:<\/p>\n<p>Cristianos Contrabandistas de la Sierra Negra, Estudiantes, Duque de Maqueda, Cristianos Lanceros de Uchel, Moros Fauqu\u00edes, Moros Sulaym\u00e1n, Moros Alcan\u00e1 y Moros Aljau.<\/p>\n","protected":false},"excerpt":{"rendered":"<p>El pr\u00f3ximo 15 de Febrero, las 8 comparsas que componen la Uni\u00f3n de Moros y Cristianos de Aspe, celebraremos la Media Fiesta. Los actos organizados por la Uni\u00f3n ser\u00e1n: Entrada de Bandas. Hora de salida: 18:00h Itinerario: c\/ Dr. Mara\u00f1\u00f3n, Parque Dr. Calatayud, c\/ Pedro Galipienso, Av. Constituci\u00f3n, Arco del Ayuntamiento, Plaza Mayor. Retreta. Hora [&hellip;]<\/p>\n","protected":false},"author":1,"featured_media":0,"comment_status":"closed","ping_status":"closed","sticky":false,"template":"","format":"standard","meta":{"footnotes":""},"categories":[16],"tags":[],"class_list":["post-657","post","type-post","status-publish","format-standard","hentry","category-actos-oficiales"],"_links":{"self":[{"href":"https:\/\/web.morosycristianosdeaspe.es\/index.php?rest_route=\/wp\/v2\/posts\/657","targetHints":{"allow":["GET"]}}],"collection":[{"href":"https:\/\/web.morosycristianosdeaspe.es\/index.php?rest_route=\/wp\/v2\/posts"}],"about":[{"href":"https:\/\/web.morosycristianosdeaspe.es\/index.php?rest_route=\/wp\/v2\/types\/post"}],"author":[{"embeddable":true,"href":"https:\/\/web.morosycristianosdeaspe.es\/index.php?rest_route=\/wp\/v2\/users\/1"}],"replies":[{"embeddable":true,"href":"https:\/\/web.morosycristianosdeaspe.es\/index.php?rest_route=%2Fwp%2Fv2%2Fcomments&post=657"}],"version-history":[{"count":1,"href":"https:\/\/web.morosycristianosdeaspe.es\/index.php?rest_route=\/wp\/v2\/posts\/657\/revisions"}],"predecessor-version":[{"id":658,"href":"https:\/\/web.morosycristianosdeaspe.es\/index.php?rest_route=\/wp\/v2\/posts\/657\/revisions\/658"}],"wp:attachment":[{"href":"https:\/\/web.morosycristianosdeaspe.es\/index.php?rest_route=%2Fwp%2Fv2%2Fmedia&parent=657"}],"wp:term":[{"taxonomy":"category","embeddable":true,"href":"https:\/\/web.morosycristianosdeaspe.es\/index.php?rest_route=%2Fwp%2Fv2%2Fcategories&post=657"},{"taxonomy":"post_tag","embeddable":true,"href":"https:\/\/web.morosycristianosdeaspe.es\/index.php?rest_route=%2Fwp%2Fv2%2Ftags&post=657"}],"curies":[{"name":"wp","href":"https:\/\/api.w.org\/{rel}","templated":true}]}}