{"id":659,"date":"2014-01-28T22:47:37","date_gmt":"2014-01-28T21:47:37","guid":{"rendered":"http:\/\/web.morosycristianosdeaspe.es\/?p=659"},"modified":"2014-02-03T13:41:13","modified_gmt":"2014-02-03T12:41:13","slug":"declaracion-institucional-de-las-fiestas-de-moros-y-cristianos","status":"publish","type":"post","link":"https:\/\/web.morosycristianosdeaspe.es\/?p=659","title":{"rendered":"Declaraci\u00f3n Institucional de las Fiestas de Moros y Cristianos"},"content":{"rendered":"<p>Ma\u00f1ana ser\u00e1 un d\u00eda importante para los Moros y Cristianos de Aspe.<\/p>\n<p>El Pleno Municipal declarar\u00e1 \u00ablas Fiestas de Moros y Cristianos INTEGRADAS en las Fiestas Patronales de Aspe\u00bb.<\/p>\n<p>Como de todos es sabido, a pesar de celebrarse del 7 al 10 de Agosto, periodo de Fiestas Patronales, las Fiestas de Moros y Cristianos ten\u00edan una consideraci\u00f3n independiente.<\/p>\n<p>A partir de esta declaraci\u00f3n institucional, las Fiestas de Moros y Cristianos que se celebran en honor a la Virgen de las Nieves, formar\u00e1n parte de las Fiestas Patronales de la localidad.<\/p>\n","protected":false},"excerpt":{"rendered":"<p>Ma\u00f1ana ser\u00e1 un d\u00eda importante para los Moros y Cristianos de Aspe. El Pleno Municipal declarar\u00e1 \u00ablas Fiestas de Moros y Cristianos INTEGRADAS en las Fiestas Patronales de Aspe\u00bb. Como de todos es sabido, a pesar de celebrarse del 7 al 10 de Agosto, periodo de Fiestas Patronales, las Fiestas de Moros y Cristianos ten\u00edan [&hellip;]<\/p>\n","protected":false},"author":1,"featured_media":0,"comment_status":"closed","ping_status":"closed","sticky":false,"template":"","format":"standard","meta":{"footnotes":""},"categories":[3],"tags":[],"class_list":["post-659","post","type-post","status-publish","format-standard","hentry","category-noticia-general"],"_links":{"self":[{"href":"https:\/\/web.morosycristianosdeaspe.es\/index.php?rest_route=\/wp\/v2\/posts\/659","targetHints":{"allow":["GET"]}}],"collection":[{"href":"https:\/\/web.morosycristianosdeaspe.es\/index.php?rest_route=\/wp\/v2\/posts"}],"about":[{"href":"https:\/\/web.morosycristianosdeaspe.es\/index.php?rest_route=\/wp\/v2\/types\/post"}],"author":[{"embeddable":true,"href":"https:\/\/web.morosycristianosdeaspe.es\/index.php?rest_route=\/wp\/v2\/users\/1"}],"replies":[{"embeddable":true,"href":"https:\/\/web.morosycristianosdeaspe.es\/index.php?rest_route=%2Fwp%2Fv2%2Fcomments&post=659"}],"version-history":[{"count":1,"href":"https:\/\/web.morosycristianosdeaspe.es\/index.php?rest_route=\/wp\/v2\/posts\/659\/revisions"}],"predecessor-version":[{"id":660,"href":"https:\/\/web.morosycristianosdeaspe.es\/index.php?rest_route=\/wp\/v2\/posts\/659\/revisions\/660"}],"wp:attachment":[{"href":"https:\/\/web.morosycristianosdeaspe.es\/index.php?rest_route=%2Fwp%2Fv2%2Fmedia&parent=659"}],"wp:term":[{"taxonomy":"category","embeddable":true,"href":"https:\/\/web.morosycristianosdeaspe.es\/index.php?rest_route=%2Fwp%2Fv2%2Fcategories&post=659"},{"taxonomy":"post_tag","embeddable":true,"href":"https:\/\/web.morosycristianosdeaspe.es\/index.php?rest_route=%2Fwp%2Fv2%2Ftags&post=659"}],"curies":[{"name":"wp","href":"https:\/\/api.w.org\/{rel}","templated":true}]}}