{"id":661,"date":"2014-01-30T09:12:34","date_gmt":"2014-01-30T08:12:34","guid":{"rendered":"http:\/\/web.morosycristianosdeaspe.es\/?p=661"},"modified":"2014-02-03T13:40:46","modified_gmt":"2014-02-03T12:40:46","slug":"los-moros-y-cristianos-de-aspe-se-integran-en-las-fiestas-patronales","status":"publish","type":"post","link":"https:\/\/web.morosycristianosdeaspe.es\/?p=661","title":{"rendered":"Los Moros y Cristianos de Aspe se integran en las Fiestas Patronales"},"content":{"rendered":"<p>Fuente: Diario Informaci\u00f3n. <a href=\"http:\/\/www.diarioinformacion.com\/elda\/2014\/01\/30\/moros-cristianos-aspe-integran-fiestas\/1463393.html\" target=\"_blank\">http:\/\/www.diarioinformacion.com\/elda\/2014\/01\/30\/moros-cristianos-aspe-integran-fiestas\/1463393.html<\/a><\/p>\n<h3 itemprop=\"description\"><strong><em>PSOE, IU Y PP aprueban una moci\u00f3n para recoger oficialmente lo que hasta ahora se hac\u00eda de forma oficiosa.<\/em><\/strong><\/h3>\n<p><em>El pleno del Ayuntamiento de Aspe aprob\u00f3 ayer integrar oficialmente la celebraci\u00f3n de los Moros y Cristianos en las fiestas Patronales.<\/em><br \/>\n<em> Desde su nacimiento, en 1978, los Moros y Cristianos se han celebrado el fin de semana posterior al 5 de agosto todos los a\u00f1os, tanto pares como impares; y desde 2004, pasaron a tener fecha fija, del 7 al 10 de agosto. Las fiestas patronales a la Virgen de las Nieves y las de Moros y Cristianos se han complementado, desde el origen de estas \u00faltimas, seg\u00fan recoge la exposici\u00f3n de motivos de la moci\u00f3n. De esta forma, la corporaci\u00f3n se asegura que las fiestas de Moros y Cristianos no se cambiar\u00e1n de fecha en el futuro, quedando ligadas legal y oficialmente a las patronales aunque estas \u00faltimas se celebren s\u00f3lo los a\u00f1os pares.<\/em><\/p>\n","protected":false},"excerpt":{"rendered":"<p>Fuente: Diario Informaci\u00f3n. http:\/\/www.diarioinformacion.com\/elda\/2014\/01\/30\/moros-cristianos-aspe-integran-fiestas\/1463393.html PSOE, IU Y PP aprueban una moci\u00f3n para recoger oficialmente lo que hasta ahora se hac\u00eda de forma oficiosa. El pleno del Ayuntamiento de Aspe aprob\u00f3 ayer integrar oficialmente la celebraci\u00f3n de los Moros y Cristianos en las fiestas Patronales. Desde su nacimiento, en 1978, los Moros y Cristianos se han [&hellip;]<\/p>\n","protected":false},"author":1,"featured_media":0,"comment_status":"closed","ping_status":"closed","sticky":false,"template":"","format":"standard","meta":{"footnotes":""},"categories":[3],"tags":[],"class_list":["post-661","post","type-post","status-publish","format-standard","hentry","category-noticia-general"],"_links":{"self":[{"href":"https:\/\/web.morosycristianosdeaspe.es\/index.php?rest_route=\/wp\/v2\/posts\/661","targetHints":{"allow":["GET"]}}],"collection":[{"href":"https:\/\/web.morosycristianosdeaspe.es\/index.php?rest_route=\/wp\/v2\/posts"}],"about":[{"href":"https:\/\/web.morosycristianosdeaspe.es\/index.php?rest_route=\/wp\/v2\/types\/post"}],"author":[{"embeddable":true,"href":"https:\/\/web.morosycristianosdeaspe.es\/index.php?rest_route=\/wp\/v2\/users\/1"}],"replies":[{"embeddable":true,"href":"https:\/\/web.morosycristianosdeaspe.es\/index.php?rest_route=%2Fwp%2Fv2%2Fcomments&post=661"}],"version-history":[{"count":3,"href":"https:\/\/web.morosycristianosdeaspe.es\/index.php?rest_route=\/wp\/v2\/posts\/661\/revisions"}],"predecessor-version":[{"id":664,"href":"https:\/\/web.morosycristianosdeaspe.es\/index.php?rest_route=\/wp\/v2\/posts\/661\/revisions\/664"}],"wp:attachment":[{"href":"https:\/\/web.morosycristianosdeaspe.es\/index.php?rest_route=%2Fwp%2Fv2%2Fmedia&parent=661"}],"wp:term":[{"taxonomy":"category","embeddable":true,"href":"https:\/\/web.morosycristianosdeaspe.es\/index.php?rest_route=%2Fwp%2Fv2%2Fcategories&post=661"},{"taxonomy":"post_tag","embeddable":true,"href":"https:\/\/web.morosycristianosdeaspe.es\/index.php?rest_route=%2Fwp%2Fv2%2Ftags&post=661"}],"curies":[{"name":"wp","href":"https:\/\/api.w.org\/{rel}","templated":true}]}}