{"id":667,"date":"2014-02-05T13:17:52","date_gmt":"2014-02-05T12:17:52","guid":{"rendered":"http:\/\/web.morosycristianosdeaspe.es\/?p=667"},"modified":"2014-02-05T13:55:49","modified_gmt":"2014-02-05T12:55:49","slug":"recogida-de-alimentos-por-parte-de-cruz-roja-en-la-media-fiesta","status":"publish","type":"post","link":"https:\/\/web.morosycristianosdeaspe.es\/?p=667","title":{"rendered":"Recogida de alimentos por parte de Cruz Roja en la Media Fiesta"},"content":{"rendered":"<p>El 15 de Febrero, d\u00eda de la Media Fiesta, la <strong>Cruz Roja<\/strong> pasar\u00e1 por cada uno de los cuartelillos y k\u00e1bilas para recoger aquellos alimentos que los festeros queramos donar.<\/p>\n<p>Dada la dificil situaci\u00f3n por la que est\u00e1n pasando muchas familias de nuestra localidad, desde la Uni\u00f3n de Moros y Cristianos Virgen de las Nieves, se hace un llamamiento a que todos aportemos lo que podamos para aliviar, en la medida de lo posible, esta cruda adversidad.<\/p>\n<p>Cruz Roja aconseja que los alimentos donados sean, preferiblemente, productos no perecederos: Leche, latas, pasta, legumbres, etc.<\/p>\n<p>El horario de recogida ser\u00e1 de 15:30h a 17:00h<\/p>\n<p>Muchas gracias !<\/p>\n<p style=\"text-align: center;\"><img loading=\"lazy\" decoding=\"async\" class=\"aligncenter  wp-image-670\" alt=\"Donaci\u00f3n de alimentos 2014\" src=\"https:\/\/web.morosycristianosdeaspe.es\/wp-content\/uploads\/2014\/02\/cruzrojaw.jpg\" width=\"688\" height=\"467\" srcset=\"https:\/\/web.morosycristianosdeaspe.es\/wp-content\/uploads\/2014\/02\/cruzrojaw.jpg 688w, https:\/\/web.morosycristianosdeaspe.es\/wp-content\/uploads\/2014\/02\/cruzrojaw-300x203.jpg 300w\" sizes=\"auto, (max-width: 688px) 100vw, 688px\" \/><\/p>\n<p>&nbsp;<\/p>\n","protected":false},"excerpt":{"rendered":"<p>El 15 de Febrero, d\u00eda de la Media Fiesta, la Cruz Roja pasar\u00e1 por cada uno de los cuartelillos y k\u00e1bilas para recoger aquellos alimentos que los festeros queramos donar. Dada la dificil situaci\u00f3n por la que est\u00e1n pasando muchas familias de nuestra localidad, desde la Uni\u00f3n de Moros y Cristianos Virgen de las Nieves, [&hellip;]<\/p>\n","protected":false},"author":1,"featured_media":0,"comment_status":"closed","ping_status":"closed","sticky":false,"template":"","format":"standard","meta":{"footnotes":""},"categories":[1],"tags":[],"class_list":["post-667","post","type-post","status-publish","format-standard","hentry","category-nocat"],"_links":{"self":[{"href":"https:\/\/web.morosycristianosdeaspe.es\/index.php?rest_route=\/wp\/v2\/posts\/667","targetHints":{"allow":["GET"]}}],"collection":[{"href":"https:\/\/web.morosycristianosdeaspe.es\/index.php?rest_route=\/wp\/v2\/posts"}],"about":[{"href":"https:\/\/web.morosycristianosdeaspe.es\/index.php?rest_route=\/wp\/v2\/types\/post"}],"author":[{"embeddable":true,"href":"https:\/\/web.morosycristianosdeaspe.es\/index.php?rest_route=\/wp\/v2\/users\/1"}],"replies":[{"embeddable":true,"href":"https:\/\/web.morosycristianosdeaspe.es\/index.php?rest_route=%2Fwp%2Fv2%2Fcomments&post=667"}],"version-history":[{"count":6,"href":"https:\/\/web.morosycristianosdeaspe.es\/index.php?rest_route=\/wp\/v2\/posts\/667\/revisions"}],"predecessor-version":[{"id":675,"href":"https:\/\/web.morosycristianosdeaspe.es\/index.php?rest_route=\/wp\/v2\/posts\/667\/revisions\/675"}],"wp:attachment":[{"href":"https:\/\/web.morosycristianosdeaspe.es\/index.php?rest_route=%2Fwp%2Fv2%2Fmedia&parent=667"}],"wp:term":[{"taxonomy":"category","embeddable":true,"href":"https:\/\/web.morosycristianosdeaspe.es\/index.php?rest_route=%2Fwp%2Fv2%2Fcategories&post=667"},{"taxonomy":"post_tag","embeddable":true,"href":"https:\/\/web.morosycristianosdeaspe.es\/index.php?rest_route=%2Fwp%2Fv2%2Ftags&post=667"}],"curies":[{"name":"wp","href":"https:\/\/api.w.org\/{rel}","templated":true}]}}