{"id":67,"date":"2013-05-14T23:15:29","date_gmt":"2013-05-14T21:15:29","guid":{"rendered":"http:\/\/noticias.morosycristianosdeaspe.es\/?p=67"},"modified":"2013-06-06T09:29:59","modified_gmt":"2013-06-06T07:29:59","slug":"puesta-de-bandera-duque-de-maqueda-moros-fauquies","status":"publish","type":"post","link":"https:\/\/web.morosycristianosdeaspe.es\/?p=67","title":{"rendered":"Puesta de Bandera Duque de Maqueda-Moros Fauqu\u00edes."},"content":{"rendered":"<p>Como todos los a\u00f1os, el s\u00e1bado <b><span style=\"color: #880000;\">25 de Mayo<\/span><\/b>, Las comparsas Duque de Maqueda y Moros Fauqu\u00edes realizar\u00e1n la \u00abPuesta de Bandera\u00bb en la k\u00e1bila de Moros Fauqu\u00edes.<\/p>\n<p>Este acto comenzar\u00e1 una vez finalice la \u00abProclamaci\u00f3n de Cargos Festeros 2013, Premios Miguel Iborra 2012 y Fallo del Concurso de Carteles Anunciadores de las Fiestas 2013\u00bb, que se realizar\u00e1 en el Teatro Wagner.<\/p>\n<p>La concentraci\u00f3n para iniciar el pasacalles hacia la k\u00e1bila de Moros Fauqu\u00edes, ser\u00e1 en el cuartelillo de la fil\u00e1 \u00abChambis Locos\u00bb, sita en \u00abLa Ermita\u00bb (c\/ Ram\u00f3n y Cajal).<\/p>\n<p>La cena se realizar\u00e1 en la k\u00e1bila de Moros Fauqu\u00edes. El precio de la cena ser\u00e1 de 10\u20ac por persona, excepto para los cargos (tanto salientes como entrantes), pues las comparsas anfitrionas tienen el placer de invitarles a la cena.<\/p>\n<p>Los festeros que quieran asistir a la cena, que se pongan en contacto con sus respectivas comparsas para que \u00e9stas lo transmitan a la Uni\u00f3n.<\/p>\n","protected":false},"excerpt":{"rendered":"<p>Como todos los a\u00f1os, el s\u00e1bado 25 de Mayo, Las comparsas Duque de Maqueda y Moros Fauqu\u00edes realizar\u00e1n la \u00abPuesta de Bandera\u00bb en la k\u00e1bila de Moros Fauqu\u00edes. Este acto comenzar\u00e1 una vez finalice la \u00abProclamaci\u00f3n de Cargos Festeros 2013, Premios Miguel Iborra 2012 y Fallo del Concurso de Carteles Anunciadores de las Fiestas 2013\u00bb, [&hellip;]<\/p>\n","protected":false},"author":1,"featured_media":0,"comment_status":"closed","ping_status":"closed","sticky":false,"template":"","format":"standard","meta":{"footnotes":""},"categories":[23,18],"tags":[13,12,5],"class_list":["post-67","post","type-post","status-publish","format-standard","hentry","category-duque-de-maqueda","category-moros-fauquies","tag-acto-comparsa","tag-duque-de-maqueda","tag-moros-fauquies"],"_links":{"self":[{"href":"https:\/\/web.morosycristianosdeaspe.es\/index.php?rest_route=\/wp\/v2\/posts\/67","targetHints":{"allow":["GET"]}}],"collection":[{"href":"https:\/\/web.morosycristianosdeaspe.es\/index.php?rest_route=\/wp\/v2\/posts"}],"about":[{"href":"https:\/\/web.morosycristianosdeaspe.es\/index.php?rest_route=\/wp\/v2\/types\/post"}],"author":[{"embeddable":true,"href":"https:\/\/web.morosycristianosdeaspe.es\/index.php?rest_route=\/wp\/v2\/users\/1"}],"replies":[{"embeddable":true,"href":"https:\/\/web.morosycristianosdeaspe.es\/index.php?rest_route=%2Fwp%2Fv2%2Fcomments&post=67"}],"version-history":[{"count":4,"href":"https:\/\/web.morosycristianosdeaspe.es\/index.php?rest_route=\/wp\/v2\/posts\/67\/revisions"}],"predecessor-version":[{"id":247,"href":"https:\/\/web.morosycristianosdeaspe.es\/index.php?rest_route=\/wp\/v2\/posts\/67\/revisions\/247"}],"wp:attachment":[{"href":"https:\/\/web.morosycristianosdeaspe.es\/index.php?rest_route=%2Fwp%2Fv2%2Fmedia&parent=67"}],"wp:term":[{"taxonomy":"category","embeddable":true,"href":"https:\/\/web.morosycristianosdeaspe.es\/index.php?rest_route=%2Fwp%2Fv2%2Fcategories&post=67"},{"taxonomy":"post_tag","embeddable":true,"href":"https:\/\/web.morosycristianosdeaspe.es\/index.php?rest_route=%2Fwp%2Fv2%2Ftags&post=67"}],"curies":[{"name":"wp","href":"https:\/\/api.w.org\/{rel}","templated":true}]}}