{"id":713,"date":"2014-02-20T17:41:19","date_gmt":"2014-02-20T16:41:19","guid":{"rendered":"http:\/\/web.morosycristianosdeaspe.es\/?p=713"},"modified":"2014-02-20T17:46:12","modified_gmt":"2014-02-20T16:46:12","slug":"el-ayuntamiento-de-aspe-convoca-el-xix-premio-provincial-de-fotografia","status":"publish","type":"post","link":"https:\/\/web.morosycristianosdeaspe.es\/?p=713","title":{"rendered":"El Ayuntamiento de Aspe convoca el XIX Premio Provincial de Fotograf\u00eda"},"content":{"rendered":"<p>La Concejal\u00eda de Cultura del Ayuntamiento de Aspe ha convocado el XIX Premio Provincial de Fotograf\u00eda.<\/p>\n<p>3 primeros premios de 170\u20ac<\/p>\n<p>3 segundos premios de 100\u20ac<\/p>\n<p>Plazo: Del 1 al 4 de Julio de 2014.<\/p>\n<p><a href=\"https:\/\/web.morosycristianosdeaspe.es\/wp-content\/uploads\/2014\/02\/BASES-XIX-PREMIO-FOTOGRAF\u00cdA-web.pdf\" target=\"_blank\">BASES XIX PREMIO FOTOGRAF\u00cdA web<\/a><\/p>\n","protected":false},"excerpt":{"rendered":"<p>La Concejal\u00eda de Cultura del Ayuntamiento de Aspe ha convocado el XIX Premio Provincial de Fotograf\u00eda. 3 primeros premios de 170\u20ac 3 segundos premios de 100\u20ac Plazo: Del 1 al 4 de Julio de 2014. BASES XIX PREMIO FOTOGRAF\u00cdA web<\/p>\n","protected":false},"author":1,"featured_media":0,"comment_status":"closed","ping_status":"closed","sticky":false,"template":"","format":"standard","meta":{"footnotes":""},"categories":[17,3],"tags":[],"class_list":["post-713","post","type-post","status-publish","format-standard","hentry","category-concursos-y-premios","category-noticia-general"],"_links":{"self":[{"href":"https:\/\/web.morosycristianosdeaspe.es\/index.php?rest_route=\/wp\/v2\/posts\/713","targetHints":{"allow":["GET"]}}],"collection":[{"href":"https:\/\/web.morosycristianosdeaspe.es\/index.php?rest_route=\/wp\/v2\/posts"}],"about":[{"href":"https:\/\/web.morosycristianosdeaspe.es\/index.php?rest_route=\/wp\/v2\/types\/post"}],"author":[{"embeddable":true,"href":"https:\/\/web.morosycristianosdeaspe.es\/index.php?rest_route=\/wp\/v2\/users\/1"}],"replies":[{"embeddable":true,"href":"https:\/\/web.morosycristianosdeaspe.es\/index.php?rest_route=%2Fwp%2Fv2%2Fcomments&post=713"}],"version-history":[{"count":1,"href":"https:\/\/web.morosycristianosdeaspe.es\/index.php?rest_route=\/wp\/v2\/posts\/713\/revisions"}],"predecessor-version":[{"id":715,"href":"https:\/\/web.morosycristianosdeaspe.es\/index.php?rest_route=\/wp\/v2\/posts\/713\/revisions\/715"}],"wp:attachment":[{"href":"https:\/\/web.morosycristianosdeaspe.es\/index.php?rest_route=%2Fwp%2Fv2%2Fmedia&parent=713"}],"wp:term":[{"taxonomy":"category","embeddable":true,"href":"https:\/\/web.morosycristianosdeaspe.es\/index.php?rest_route=%2Fwp%2Fv2%2Fcategories&post=713"},{"taxonomy":"post_tag","embeddable":true,"href":"https:\/\/web.morosycristianosdeaspe.es\/index.php?rest_route=%2Fwp%2Fv2%2Ftags&post=713"}],"curies":[{"name":"wp","href":"https:\/\/api.w.org\/{rel}","templated":true}]}}