{"id":718,"date":"2014-03-01T21:30:26","date_gmt":"2014-03-01T20:30:26","guid":{"rendered":"http:\/\/web.morosycristianosdeaspe.es\/?p=718"},"modified":"2014-03-03T21:52:12","modified_gmt":"2014-03-03T20:52:12","slug":"convocado-el-concurso-de-cartel-anunciador-de-las-fiestas-2014","status":"publish","type":"post","link":"https:\/\/web.morosycristianosdeaspe.es\/?p=718","title":{"rendered":"Convocado el Concurso de Cartel Anunciador de las Fiestas 2014"},"content":{"rendered":"<figure id=\"attachment_174\" aria-describedby=\"caption-attachment-174\" style=\"width: 130px\" class=\"wp-caption alignright\"><img loading=\"lazy\" decoding=\"async\" class=\" wp-image-174 \" alt=\"Primer Premio 2013\" src=\"https:\/\/web.morosycristianosdeaspe.es\/wp-content\/uploads\/2013\/05\/ganador_w-216x300.jpg\" width=\"130\" height=\"180\" srcset=\"https:\/\/web.morosycristianosdeaspe.es\/wp-content\/uploads\/2013\/05\/ganador_w-216x300.jpg 216w, https:\/\/web.morosycristianosdeaspe.es\/wp-content\/uploads\/2013\/05\/ganador_w.jpg 252w\" sizes=\"auto, (max-width: 130px) 100vw, 130px\" \/><figcaption id=\"caption-attachment-174\" class=\"wp-caption-text\">Primer Premio 2013<\/figcaption><\/figure>\n<figure id=\"attachment_173\" aria-describedby=\"caption-attachment-173\" style=\"width: 128px\" class=\"wp-caption alignright\"><img loading=\"lazy\" decoding=\"async\" class=\" wp-image-173 \" alt=\"Accesit 2013\" src=\"https:\/\/web.morosycristianosdeaspe.es\/wp-content\/uploads\/2013\/05\/accesit_w-214x300.jpg\" width=\"128\" height=\"180\" srcset=\"https:\/\/web.morosycristianosdeaspe.es\/wp-content\/uploads\/2013\/05\/accesit_w-214x300.jpg 214w, https:\/\/web.morosycristianosdeaspe.es\/wp-content\/uploads\/2013\/05\/accesit_w.jpg 250w\" sizes=\"auto, (max-width: 128px) 100vw, 128px\" \/><figcaption id=\"caption-attachment-173\" class=\"wp-caption-text\">Accesit 2013<\/figcaption><\/figure>\n<p>Como cada a\u00f1o, la Uni\u00f3n de Moros y Cristianos Virgen de las Nieves de Aspe, en colaboraci\u00f3n con la Concejal\u00eda de Cultura del Ayuntamiento de Aspe convoca el concurso de Cartel Anunciador de las Fiestas de 2014 y de la Media Fiesta de 2015.<\/p>\n<p>El concurso est\u00e1 dotado con 600 euros para el primer premio y con 200 euros para el accesit.<\/p>\n<p>El plazo finaliza el d\u00eda 19 de Mayo de 2014.<\/p>\n<p><a href=\"https:\/\/web.morosycristianosdeaspe.es\/wp-content\/uploads\/2014\/03\/Bases-Concurso-Carteles-2014-UMyCVN-Aspe.pdf\" target=\"_blank\">Bases Concurso Carteles 2014 UMyCVN Aspe<\/a><\/p>\n","protected":false},"excerpt":{"rendered":"<p>Como cada a\u00f1o, la Uni\u00f3n de Moros y Cristianos Virgen de las Nieves de Aspe, en colaboraci\u00f3n con la Concejal\u00eda de Cultura del Ayuntamiento de Aspe convoca el concurso de Cartel Anunciador de las Fiestas de 2014 y de la Media Fiesta de 2015. El concurso est\u00e1 dotado con 600 euros para el primer premio [&hellip;]<\/p>\n","protected":false},"author":1,"featured_media":0,"comment_status":"closed","ping_status":"closed","sticky":false,"template":"","format":"standard","meta":{"footnotes":""},"categories":[17],"tags":[],"class_list":["post-718","post","type-post","status-publish","format-standard","hentry","category-concursos-y-premios"],"_links":{"self":[{"href":"https:\/\/web.morosycristianosdeaspe.es\/index.php?rest_route=\/wp\/v2\/posts\/718","targetHints":{"allow":["GET"]}}],"collection":[{"href":"https:\/\/web.morosycristianosdeaspe.es\/index.php?rest_route=\/wp\/v2\/posts"}],"about":[{"href":"https:\/\/web.morosycristianosdeaspe.es\/index.php?rest_route=\/wp\/v2\/types\/post"}],"author":[{"embeddable":true,"href":"https:\/\/web.morosycristianosdeaspe.es\/index.php?rest_route=\/wp\/v2\/users\/1"}],"replies":[{"embeddable":true,"href":"https:\/\/web.morosycristianosdeaspe.es\/index.php?rest_route=%2Fwp%2Fv2%2Fcomments&post=718"}],"version-history":[{"count":7,"href":"https:\/\/web.morosycristianosdeaspe.es\/index.php?rest_route=\/wp\/v2\/posts\/718\/revisions"}],"predecessor-version":[{"id":726,"href":"https:\/\/web.morosycristianosdeaspe.es\/index.php?rest_route=\/wp\/v2\/posts\/718\/revisions\/726"}],"wp:attachment":[{"href":"https:\/\/web.morosycristianosdeaspe.es\/index.php?rest_route=%2Fwp%2Fv2%2Fmedia&parent=718"}],"wp:term":[{"taxonomy":"category","embeddable":true,"href":"https:\/\/web.morosycristianosdeaspe.es\/index.php?rest_route=%2Fwp%2Fv2%2Fcategories&post=718"},{"taxonomy":"post_tag","embeddable":true,"href":"https:\/\/web.morosycristianosdeaspe.es\/index.php?rest_route=%2Fwp%2Fv2%2Ftags&post=718"}],"curies":[{"name":"wp","href":"https:\/\/api.w.org\/{rel}","templated":true}]}}