{"id":745,"date":"2014-03-30T23:23:04","date_gmt":"2014-03-30T22:23:04","guid":{"rendered":"http:\/\/web.morosycristianosdeaspe.es\/?p=745"},"modified":"2014-04-23T13:03:33","modified_gmt":"2014-04-23T12:03:33","slug":"dia-de-convivencia-deportiva-comparsa-cristianos-contrabandistas-de-la-sierra-negra","status":"publish","type":"post","link":"https:\/\/web.morosycristianosdeaspe.es\/?p=745","title":{"rendered":"D\u00eda de Convivencia Deportiva Comparsa Cristianos Contrabandistas de la Sierra Negra"},"content":{"rendered":"<p>La comparsa Cristianos Contrabandistas de la Sierra Negra informa de una actividad que se realizar\u00e1 en el Polideportivo el d\u00eda 6 de Abril:<\/p>\n<p><em>\u00abLa Jornada consistir\u00e1 en la realizaci\u00f3n de una serie de actividades deportivas: F\u00fatbol sala, Padel y clase de Zumba. Tambi\u00e9n se va a realizar un taller de pulseras de gomas para ni\u00f1os. Para finalizar disfrutaremos todos juntos de una gran paella.\u00bb<\/em><\/p>\n","protected":false},"excerpt":{"rendered":"<p>La comparsa Cristianos Contrabandistas de la Sierra Negra informa de una actividad que se realizar\u00e1 en el Polideportivo el d\u00eda 6 de Abril: \u00abLa Jornada consistir\u00e1 en la realizaci\u00f3n de una serie de actividades deportivas: F\u00fatbol sala, Padel y clase de Zumba. Tambi\u00e9n se va a realizar un taller de pulseras de gomas para ni\u00f1os. [&hellip;]<\/p>\n","protected":false},"author":1,"featured_media":0,"comment_status":"closed","ping_status":"closed","sticky":false,"template":"","format":"standard","meta":{"footnotes":""},"categories":[25],"tags":[],"class_list":["post-745","post","type-post","status-publish","format-standard","hentry","category-contrabandistas-de-la-sierra-negra"],"_links":{"self":[{"href":"https:\/\/web.morosycristianosdeaspe.es\/index.php?rest_route=\/wp\/v2\/posts\/745","targetHints":{"allow":["GET"]}}],"collection":[{"href":"https:\/\/web.morosycristianosdeaspe.es\/index.php?rest_route=\/wp\/v2\/posts"}],"about":[{"href":"https:\/\/web.morosycristianosdeaspe.es\/index.php?rest_route=\/wp\/v2\/types\/post"}],"author":[{"embeddable":true,"href":"https:\/\/web.morosycristianosdeaspe.es\/index.php?rest_route=\/wp\/v2\/users\/1"}],"replies":[{"embeddable":true,"href":"https:\/\/web.morosycristianosdeaspe.es\/index.php?rest_route=%2Fwp%2Fv2%2Fcomments&post=745"}],"version-history":[{"count":1,"href":"https:\/\/web.morosycristianosdeaspe.es\/index.php?rest_route=\/wp\/v2\/posts\/745\/revisions"}],"predecessor-version":[{"id":746,"href":"https:\/\/web.morosycristianosdeaspe.es\/index.php?rest_route=\/wp\/v2\/posts\/745\/revisions\/746"}],"wp:attachment":[{"href":"https:\/\/web.morosycristianosdeaspe.es\/index.php?rest_route=%2Fwp%2Fv2%2Fmedia&parent=745"}],"wp:term":[{"taxonomy":"category","embeddable":true,"href":"https:\/\/web.morosycristianosdeaspe.es\/index.php?rest_route=%2Fwp%2Fv2%2Fcategories&post=745"},{"taxonomy":"post_tag","embeddable":true,"href":"https:\/\/web.morosycristianosdeaspe.es\/index.php?rest_route=%2Fwp%2Fv2%2Ftags&post=745"}],"curies":[{"name":"wp","href":"https:\/\/api.w.org\/{rel}","templated":true}]}}