{"id":748,"date":"2014-04-09T16:37:23","date_gmt":"2014-04-09T15:37:23","guid":{"rendered":"http:\/\/web.morosycristianosdeaspe.es\/?p=748"},"modified":"2014-04-23T13:03:06","modified_gmt":"2014-04-23T12:03:06","slug":"dia-de-convivencia-festera","status":"publish","type":"post","link":"https:\/\/web.morosycristianosdeaspe.es\/?p=748","title":{"rendered":"D\u00eda de convivencia festera"},"content":{"rendered":"<p>El pr\u00f3ximo s\u00e1bado 26 de abril, en la k\u00e1bila de Moros Aljau, celebraremos como todos los a\u00f1os la Comida de Convivencia Festera.<\/p>\n<p>La Junta Central ha dado como plazo m\u00e1ximo a las comparsas el 22 de Abril para que indique el n\u00famero de asistentes (adultos y menores). Se presupone que las comparsas necesitar\u00e1n saberlo con algo m\u00e1s de antelaci\u00f3n.<\/p>\n<p>Como viene siendo habitual, cada comparsa deber\u00e1 aportar 2\u20ac por cada comparsista asistente mayor de 16 a\u00f1os. La cantidad recaudada se donar\u00e1 a la Plataforma Contra el Hambre de Aspe.<\/p>\n<p>Los m\u00e1s peque\u00f1os podr\u00e1n disfrutar de una tarde de hinchables desde las 16:00h hasta las 20:00h<\/p>\n","protected":false},"excerpt":{"rendered":"<p>El pr\u00f3ximo s\u00e1bado 26 de abril, en la k\u00e1bila de Moros Aljau, celebraremos como todos los a\u00f1os la Comida de Convivencia Festera. La Junta Central ha dado como plazo m\u00e1ximo a las comparsas el 22 de Abril para que indique el n\u00famero de asistentes (adultos y menores). Se presupone que las comparsas necesitar\u00e1n saberlo con [&hellip;]<\/p>\n","protected":false},"author":1,"featured_media":0,"comment_status":"closed","ping_status":"closed","sticky":false,"template":"","format":"standard","meta":{"footnotes":""},"categories":[16],"tags":[],"class_list":["post-748","post","type-post","status-publish","format-standard","hentry","category-actos-oficiales"],"_links":{"self":[{"href":"https:\/\/web.morosycristianosdeaspe.es\/index.php?rest_route=\/wp\/v2\/posts\/748","targetHints":{"allow":["GET"]}}],"collection":[{"href":"https:\/\/web.morosycristianosdeaspe.es\/index.php?rest_route=\/wp\/v2\/posts"}],"about":[{"href":"https:\/\/web.morosycristianosdeaspe.es\/index.php?rest_route=\/wp\/v2\/types\/post"}],"author":[{"embeddable":true,"href":"https:\/\/web.morosycristianosdeaspe.es\/index.php?rest_route=\/wp\/v2\/users\/1"}],"replies":[{"embeddable":true,"href":"https:\/\/web.morosycristianosdeaspe.es\/index.php?rest_route=%2Fwp%2Fv2%2Fcomments&post=748"}],"version-history":[{"count":3,"href":"https:\/\/web.morosycristianosdeaspe.es\/index.php?rest_route=\/wp\/v2\/posts\/748\/revisions"}],"predecessor-version":[{"id":752,"href":"https:\/\/web.morosycristianosdeaspe.es\/index.php?rest_route=\/wp\/v2\/posts\/748\/revisions\/752"}],"wp:attachment":[{"href":"https:\/\/web.morosycristianosdeaspe.es\/index.php?rest_route=%2Fwp%2Fv2%2Fmedia&parent=748"}],"wp:term":[{"taxonomy":"category","embeddable":true,"href":"https:\/\/web.morosycristianosdeaspe.es\/index.php?rest_route=%2Fwp%2Fv2%2Fcategories&post=748"},{"taxonomy":"post_tag","embeddable":true,"href":"https:\/\/web.morosycristianosdeaspe.es\/index.php?rest_route=%2Fwp%2Fv2%2Ftags&post=748"}],"curies":[{"name":"wp","href":"https:\/\/api.w.org\/{rel}","templated":true}]}}