{"id":767,"date":"2014-04-22T19:58:22","date_gmt":"2014-04-22T18:58:22","guid":{"rendered":"http:\/\/web.morosycristianosdeaspe.es\/?p=767"},"modified":"2014-04-23T13:01:43","modified_gmt":"2014-04-23T12:01:43","slug":"cancelado-el-taller-de-declamacion-para-embajadores-infantiles","status":"publish","type":"post","link":"https:\/\/web.morosycristianosdeaspe.es\/?p=767","title":{"rendered":"Cancelado el taller de declamaci\u00f3n para \u00abEmbajadores Infantiles\u00bb"},"content":{"rendered":"<p>Debido a que s\u00f3lo una comparsa ha presentado alumnos para el taller de declamaci\u00f3n para la Escuela de Embajadores Infantiles, de momento se cancela la celabraci\u00f3n de dicho taller.<\/p>\n","protected":false},"excerpt":{"rendered":"<p>Debido a que s\u00f3lo una comparsa ha presentado alumnos para el taller de declamaci\u00f3n para la Escuela de Embajadores Infantiles, de momento se cancela la celabraci\u00f3n de dicho taller.<\/p>\n","protected":false},"author":1,"featured_media":0,"comment_status":"closed","ping_status":"closed","sticky":false,"template":"","format":"standard","meta":{"footnotes":""},"categories":[3],"tags":[],"class_list":["post-767","post","type-post","status-publish","format-standard","hentry","category-noticia-general"],"_links":{"self":[{"href":"https:\/\/web.morosycristianosdeaspe.es\/index.php?rest_route=\/wp\/v2\/posts\/767","targetHints":{"allow":["GET"]}}],"collection":[{"href":"https:\/\/web.morosycristianosdeaspe.es\/index.php?rest_route=\/wp\/v2\/posts"}],"about":[{"href":"https:\/\/web.morosycristianosdeaspe.es\/index.php?rest_route=\/wp\/v2\/types\/post"}],"author":[{"embeddable":true,"href":"https:\/\/web.morosycristianosdeaspe.es\/index.php?rest_route=\/wp\/v2\/users\/1"}],"replies":[{"embeddable":true,"href":"https:\/\/web.morosycristianosdeaspe.es\/index.php?rest_route=%2Fwp%2Fv2%2Fcomments&post=767"}],"version-history":[{"count":2,"href":"https:\/\/web.morosycristianosdeaspe.es\/index.php?rest_route=\/wp\/v2\/posts\/767\/revisions"}],"predecessor-version":[{"id":769,"href":"https:\/\/web.morosycristianosdeaspe.es\/index.php?rest_route=\/wp\/v2\/posts\/767\/revisions\/769"}],"wp:attachment":[{"href":"https:\/\/web.morosycristianosdeaspe.es\/index.php?rest_route=%2Fwp%2Fv2%2Fmedia&parent=767"}],"wp:term":[{"taxonomy":"category","embeddable":true,"href":"https:\/\/web.morosycristianosdeaspe.es\/index.php?rest_route=%2Fwp%2Fv2%2Fcategories&post=767"},{"taxonomy":"post_tag","embeddable":true,"href":"https:\/\/web.morosycristianosdeaspe.es\/index.php?rest_route=%2Fwp%2Fv2%2Ftags&post=767"}],"curies":[{"name":"wp","href":"https:\/\/api.w.org\/{rel}","templated":true}]}}