{"id":853,"date":"2014-06-30T08:37:33","date_gmt":"2014-06-30T07:37:33","guid":{"rendered":"http:\/\/web.morosycristianosdeaspe.es\/?p=853"},"modified":"2014-10-31T21:04:16","modified_gmt":"2014-10-31T20:04:16","slug":"pregonero-infantil-de-fiestas-de-moros-y-cristianos-2014","status":"publish","type":"post","link":"https:\/\/web.morosycristianosdeaspe.es\/?p=853","title":{"rendered":"Pregonero Infantil de Fiestas de Moros y Cristianos 2014"},"content":{"rendered":"<p>Cumpliendo con el objetivo que el a\u00f1o pasado se marc\u00f3 la Junta Central de potenciar la participaci\u00f3n infantil en la Fiesta, el pr\u00f3ximo acto de Presentaci\u00f3n de Cargos al Pueblo contar\u00e1 con la intervenci\u00f3n del primer \u00abPregonero Infantil de Fiestas de Moros y Cristianos\u00bb.<\/p>\n<p>Este a\u00f1o, esa responsabilidad recaer\u00e1 en David Mira Cremades, festero de la comparsa Cristianos Lanceros de Uchel.<\/p>\n<p>\u00a1Enhorabuena!<\/p>\n","protected":false},"excerpt":{"rendered":"<p>Cumpliendo con el objetivo que el a\u00f1o pasado se marc\u00f3 la Junta Central de potenciar la participaci\u00f3n infantil en la Fiesta, el pr\u00f3ximo acto de Presentaci\u00f3n de Cargos al Pueblo contar\u00e1 con la intervenci\u00f3n del primer \u00abPregonero Infantil de Fiestas de Moros y Cristianos\u00bb. Este a\u00f1o, esa responsabilidad recaer\u00e1 en David Mira Cremades, festero de [&hellip;]<\/p>\n","protected":false},"author":1,"featured_media":0,"comment_status":"closed","ping_status":"closed","sticky":false,"template":"","format":"standard","meta":{"footnotes":""},"categories":[3],"tags":[],"class_list":["post-853","post","type-post","status-publish","format-standard","hentry","category-noticia-general"],"_links":{"self":[{"href":"https:\/\/web.morosycristianosdeaspe.es\/index.php?rest_route=\/wp\/v2\/posts\/853","targetHints":{"allow":["GET"]}}],"collection":[{"href":"https:\/\/web.morosycristianosdeaspe.es\/index.php?rest_route=\/wp\/v2\/posts"}],"about":[{"href":"https:\/\/web.morosycristianosdeaspe.es\/index.php?rest_route=\/wp\/v2\/types\/post"}],"author":[{"embeddable":true,"href":"https:\/\/web.morosycristianosdeaspe.es\/index.php?rest_route=\/wp\/v2\/users\/1"}],"replies":[{"embeddable":true,"href":"https:\/\/web.morosycristianosdeaspe.es\/index.php?rest_route=%2Fwp%2Fv2%2Fcomments&post=853"}],"version-history":[{"count":1,"href":"https:\/\/web.morosycristianosdeaspe.es\/index.php?rest_route=\/wp\/v2\/posts\/853\/revisions"}],"predecessor-version":[{"id":854,"href":"https:\/\/web.morosycristianosdeaspe.es\/index.php?rest_route=\/wp\/v2\/posts\/853\/revisions\/854"}],"wp:attachment":[{"href":"https:\/\/web.morosycristianosdeaspe.es\/index.php?rest_route=%2Fwp%2Fv2%2Fmedia&parent=853"}],"wp:term":[{"taxonomy":"category","embeddable":true,"href":"https:\/\/web.morosycristianosdeaspe.es\/index.php?rest_route=%2Fwp%2Fv2%2Fcategories&post=853"},{"taxonomy":"post_tag","embeddable":true,"href":"https:\/\/web.morosycristianosdeaspe.es\/index.php?rest_route=%2Fwp%2Fv2%2Ftags&post=853"}],"curies":[{"name":"wp","href":"https:\/\/api.w.org\/{rel}","templated":true}]}}