{"id":941,"date":"2014-07-15T09:06:24","date_gmt":"2014-07-15T08:06:24","guid":{"rendered":"http:\/\/web.morosycristianosdeaspe.es\/?p=941"},"modified":"2014-07-15T09:06:24","modified_gmt":"2014-07-15T08:06:24","slug":"publicado-el-programa-de-fiestas-2014","status":"publish","type":"post","link":"https:\/\/web.morosycristianosdeaspe.es\/?p=941","title":{"rendered":"Publicado el Programa de Fiestas 2014"},"content":{"rendered":"<p>Ayer se present\u00f3 en Junta de Gobierno de la Uni\u00f3n de Moros y Cristianos Virgen de las Nieves de Aspe el programa de actos correspondiente a las Fiestas de Agosto de 2014.<\/p>\n<p>Dicho programa se puede consultar desde el men\u00fa principal de \u00e9sta p\u00e1gina, o accediendo por este enlace. <a title=\"Programa Fiestas 2014\" href=\"https:\/\/web.morosycristianosdeaspe.es\/?page_id=856\">https:\/\/web.morosycristianosdeaspe.es\/?page_id=856<\/a><\/p>\n<p>As\u00ed mismo, el programa se ha optimizado para ser consultado de forma on-line desde dispositivos m\u00f3viles.<\/p>\n","protected":false},"excerpt":{"rendered":"<p>Ayer se present\u00f3 en Junta de Gobierno de la Uni\u00f3n de Moros y Cristianos Virgen de las Nieves de Aspe el programa de actos correspondiente a las Fiestas de Agosto de 2014. Dicho programa se puede consultar desde el men\u00fa principal de \u00e9sta p\u00e1gina, o accediendo por este enlace. https:\/\/web.morosycristianosdeaspe.es\/?page_id=856 As\u00ed mismo, el programa se [&hellip;]<\/p>\n","protected":false},"author":1,"featured_media":0,"comment_status":"closed","ping_status":"closed","sticky":false,"template":"","format":"standard","meta":{"footnotes":""},"categories":[16],"tags":[],"class_list":["post-941","post","type-post","status-publish","format-standard","hentry","category-actos-oficiales"],"_links":{"self":[{"href":"https:\/\/web.morosycristianosdeaspe.es\/index.php?rest_route=\/wp\/v2\/posts\/941","targetHints":{"allow":["GET"]}}],"collection":[{"href":"https:\/\/web.morosycristianosdeaspe.es\/index.php?rest_route=\/wp\/v2\/posts"}],"about":[{"href":"https:\/\/web.morosycristianosdeaspe.es\/index.php?rest_route=\/wp\/v2\/types\/post"}],"author":[{"embeddable":true,"href":"https:\/\/web.morosycristianosdeaspe.es\/index.php?rest_route=\/wp\/v2\/users\/1"}],"replies":[{"embeddable":true,"href":"https:\/\/web.morosycristianosdeaspe.es\/index.php?rest_route=%2Fwp%2Fv2%2Fcomments&post=941"}],"version-history":[{"count":1,"href":"https:\/\/web.morosycristianosdeaspe.es\/index.php?rest_route=\/wp\/v2\/posts\/941\/revisions"}],"predecessor-version":[{"id":942,"href":"https:\/\/web.morosycristianosdeaspe.es\/index.php?rest_route=\/wp\/v2\/posts\/941\/revisions\/942"}],"wp:attachment":[{"href":"https:\/\/web.morosycristianosdeaspe.es\/index.php?rest_route=%2Fwp%2Fv2%2Fmedia&parent=941"}],"wp:term":[{"taxonomy":"category","embeddable":true,"href":"https:\/\/web.morosycristianosdeaspe.es\/index.php?rest_route=%2Fwp%2Fv2%2Fcategories&post=941"},{"taxonomy":"post_tag","embeddable":true,"href":"https:\/\/web.morosycristianosdeaspe.es\/index.php?rest_route=%2Fwp%2Fv2%2Ftags&post=941"}],"curies":[{"name":"wp","href":"https:\/\/api.w.org\/{rel}","templated":true}]}}