{"id":977,"date":"2014-07-27T19:36:09","date_gmt":"2014-07-27T18:36:09","guid":{"rendered":"http:\/\/web.morosycristianosdeaspe.es\/?p=977"},"modified":"2014-10-31T21:02:08","modified_gmt":"2014-10-31T20:02:08","slug":"presentacion-de-cargos-festeros-2014-al-pueblo-de-aspe","status":"publish","type":"post","link":"https:\/\/web.morosycristianosdeaspe.es\/?p=977","title":{"rendered":"Presentaci\u00f3n de Cargos Festeros 2014 al Pueblo de Aspe"},"content":{"rendered":"<p>El pasado s\u00e1bado, en el incomparable marco de la Plaza Mayor, se celebr\u00f3 el Acto de Presentaci\u00f3n de Cargos Festeros 2014 al Pueblo de Aspe.<\/p>\n<p>El acto estuvo dividido en dos partes. Una primera, con la in\u00e9dita presentaci\u00f3n de cargos infantiles, actuando como pregonero infantil David Mira Cremades. La Junta Central, siguiendo con la pol\u00edtica emprendida el pasado a\u00f1o de potenciar la figura del cargo festero infantil, ha querido apostar por realizar esta presentaci\u00f3n con la misma estructura que se realiza con los adultos.<\/p>\n<p>En una segunda parte, se presentaron los cargos festeros 2014 adultos, se impusieron las insignias de plata a los nuevos miembros de la Junta Directiva de la Uni\u00f3n, se rindi\u00f3 homenaje al Miembro Honorario de la UNDEF 2014, D. Jos\u00e9 Antonio Pastor Cremades (El Picola), y D. Antonio Calero Prieto promulg\u00f3 un emotivo y apasionado preg\u00f3n, con el que di\u00f3 el pistoletazo de salida a las Fiestas 2014.<\/p>\n<p>La conclusi\u00f3n del acto corri\u00f3 a cargo del Vicepresidente 1\u00ba de la Uni\u00f3n, D. Jos\u00e9 Berenguer Pastor y del Alcalde de Aspe, D. Antonio Puerto Garc\u00eda, quienes animaron a los festeros a resistir las embestidas de la situaci\u00f3n econ\u00f3mica, y a los no festeros a probar vivir la Fiesta.<\/p>\n<p><img loading=\"lazy\" decoding=\"async\" class=\"aligncenter size-full wp-image-978\" src=\"https:\/\/web.morosycristianosdeaspe.es\/wp-content\/uploads\/2014\/07\/Pregon2014w.jpg\" alt=\"Pregon2014w\" width=\"800\" height=\"533\" srcset=\"https:\/\/web.morosycristianosdeaspe.es\/wp-content\/uploads\/2014\/07\/Pregon2014w.jpg 800w, https:\/\/web.morosycristianosdeaspe.es\/wp-content\/uploads\/2014\/07\/Pregon2014w-300x199.jpg 300w\" sizes=\"auto, (max-width: 800px) 100vw, 800px\" \/><\/p>\n","protected":false},"excerpt":{"rendered":"<p>El pasado s\u00e1bado, en el incomparable marco de la Plaza Mayor, se celebr\u00f3 el Acto de Presentaci\u00f3n de Cargos Festeros 2014 al Pueblo de Aspe. El acto estuvo dividido en dos partes. Una primera, con la in\u00e9dita presentaci\u00f3n de cargos infantiles, actuando como pregonero infantil David Mira Cremades. La Junta Central, siguiendo con la pol\u00edtica [&hellip;]<\/p>\n","protected":false},"author":1,"featured_media":0,"comment_status":"closed","ping_status":"closed","sticky":false,"template":"","format":"standard","meta":{"footnotes":""},"categories":[16],"tags":[],"class_list":["post-977","post","type-post","status-publish","format-standard","hentry","category-actos-oficiales"],"_links":{"self":[{"href":"https:\/\/web.morosycristianosdeaspe.es\/index.php?rest_route=\/wp\/v2\/posts\/977","targetHints":{"allow":["GET"]}}],"collection":[{"href":"https:\/\/web.morosycristianosdeaspe.es\/index.php?rest_route=\/wp\/v2\/posts"}],"about":[{"href":"https:\/\/web.morosycristianosdeaspe.es\/index.php?rest_route=\/wp\/v2\/types\/post"}],"author":[{"embeddable":true,"href":"https:\/\/web.morosycristianosdeaspe.es\/index.php?rest_route=\/wp\/v2\/users\/1"}],"replies":[{"embeddable":true,"href":"https:\/\/web.morosycristianosdeaspe.es\/index.php?rest_route=%2Fwp%2Fv2%2Fcomments&post=977"}],"version-history":[{"count":2,"href":"https:\/\/web.morosycristianosdeaspe.es\/index.php?rest_route=\/wp\/v2\/posts\/977\/revisions"}],"predecessor-version":[{"id":983,"href":"https:\/\/web.morosycristianosdeaspe.es\/index.php?rest_route=\/wp\/v2\/posts\/977\/revisions\/983"}],"wp:attachment":[{"href":"https:\/\/web.morosycristianosdeaspe.es\/index.php?rest_route=%2Fwp%2Fv2%2Fmedia&parent=977"}],"wp:term":[{"taxonomy":"category","embeddable":true,"href":"https:\/\/web.morosycristianosdeaspe.es\/index.php?rest_route=%2Fwp%2Fv2%2Fcategories&post=977"},{"taxonomy":"post_tag","embeddable":true,"href":"https:\/\/web.morosycristianosdeaspe.es\/index.php?rest_route=%2Fwp%2Fv2%2Ftags&post=977"}],"curies":[{"name":"wp","href":"https:\/\/api.w.org\/{rel}","templated":true}]}}