{"id":987,"date":"2014-08-01T13:59:28","date_gmt":"2014-08-01T12:59:28","guid":{"rendered":"http:\/\/web.morosycristianosdeaspe.es\/?p=987"},"modified":"2014-10-31T21:02:55","modified_gmt":"2014-10-31T20:02:55","slug":"dia-del-festero-infantil","status":"publish","type":"post","link":"https:\/\/web.morosycristianosdeaspe.es\/?p=987","title":{"rendered":"D\u00eda del Festero INFANTIL"},"content":{"rendered":"<p>El pr\u00f3ximo d\u00eda 6 de agosto, celebraremos el d\u00eda del festero infantil en la k\u00e1bila de Moros Fauqu\u00edes.<\/p>\n<p>A las 18:30h, los festeros con edades comprendidas entre los 2 y 13 a\u00f1os podr\u00e1n disfrutar de una merienda.<\/p>\n<p>A las 19:00h ser\u00e1 la hora de las actividades preparadas para ellos: hinchables, talleres, concursos,&#8230;<\/p>\n<p>Los ni\u00f1os festeros que quieran asistir, han de comunicarlo a sus respectivas comparsas antes del d\u00eda 4 de Agosto.<\/p>\n<p>Organiza: Moros Fauqu\u00edes.<\/p>\n<p>Patrocina: Uni\u00f3n de Moros y Cristianos Virgen de las Nieves<\/p>\n","protected":false},"excerpt":{"rendered":"<p>El pr\u00f3ximo d\u00eda 6 de agosto, celebraremos el d\u00eda del festero infantil en la k\u00e1bila de Moros Fauqu\u00edes. A las 18:30h, los festeros con edades comprendidas entre los 2 y 13 a\u00f1os podr\u00e1n disfrutar de una merienda. A las 19:00h ser\u00e1 la hora de las actividades preparadas para ellos: hinchables, talleres, concursos,&#8230; Los ni\u00f1os festeros [&hellip;]<\/p>\n","protected":false},"author":1,"featured_media":0,"comment_status":"closed","ping_status":"closed","sticky":false,"template":"","format":"standard","meta":{"footnotes":""},"categories":[16],"tags":[],"class_list":["post-987","post","type-post","status-publish","format-standard","hentry","category-actos-oficiales"],"_links":{"self":[{"href":"https:\/\/web.morosycristianosdeaspe.es\/index.php?rest_route=\/wp\/v2\/posts\/987","targetHints":{"allow":["GET"]}}],"collection":[{"href":"https:\/\/web.morosycristianosdeaspe.es\/index.php?rest_route=\/wp\/v2\/posts"}],"about":[{"href":"https:\/\/web.morosycristianosdeaspe.es\/index.php?rest_route=\/wp\/v2\/types\/post"}],"author":[{"embeddable":true,"href":"https:\/\/web.morosycristianosdeaspe.es\/index.php?rest_route=\/wp\/v2\/users\/1"}],"replies":[{"embeddable":true,"href":"https:\/\/web.morosycristianosdeaspe.es\/index.php?rest_route=%2Fwp%2Fv2%2Fcomments&post=987"}],"version-history":[{"count":1,"href":"https:\/\/web.morosycristianosdeaspe.es\/index.php?rest_route=\/wp\/v2\/posts\/987\/revisions"}],"predecessor-version":[{"id":988,"href":"https:\/\/web.morosycristianosdeaspe.es\/index.php?rest_route=\/wp\/v2\/posts\/987\/revisions\/988"}],"wp:attachment":[{"href":"https:\/\/web.morosycristianosdeaspe.es\/index.php?rest_route=%2Fwp%2Fv2%2Fmedia&parent=987"}],"wp:term":[{"taxonomy":"category","embeddable":true,"href":"https:\/\/web.morosycristianosdeaspe.es\/index.php?rest_route=%2Fwp%2Fv2%2Fcategories&post=987"},{"taxonomy":"post_tag","embeddable":true,"href":"https:\/\/web.morosycristianosdeaspe.es\/index.php?rest_route=%2Fwp%2Fv2%2Ftags&post=987"}],"curies":[{"name":"wp","href":"https:\/\/api.w.org\/{rel}","templated":true}]}}