{"id":997,"date":"2014-08-11T15:55:42","date_gmt":"2014-08-11T14:55:42","guid":{"rendered":"http:\/\/web.morosycristianosdeaspe.es\/?p=997"},"modified":"2014-10-31T21:03:29","modified_gmt":"2014-10-31T20:03:29","slug":"gracias","status":"publish","type":"post","link":"https:\/\/web.morosycristianosdeaspe.es\/?p=997","title":{"rendered":"\u00a1\u00a1\u00a1\u00a1 Gracias !!!!"},"content":{"rendered":"<p>La Junta Central de la Uni\u00f3n quiere agraceder a todas las personas y entidades que han participado y colaborado para que estas Fiestas 2014 se hayan desarrollado con completa normalidad.<\/p>\n<p>Al personal de Protecci\u00f3n Civil, a los voluntarios de Cruz Roja, a la Polic\u00eda Local, a los miembros de la Guardia Civil, al personal de Servicios del Ayuntamiento, al personal de HV Ingenieros (empresa encargada del montaje de los eventos), a los medios de comunicaci\u00f3n locales, comarcales y provinciales, a la Corporaci\u00f3n Municipal, a las directivas de las 8 comparsas de la Uni\u00f3n, al grupo de delegados encargados de la organizaci\u00f3n de los desfiles, al Rector de la Bas\u00edlica, a Francisco Bonmat\u00ed (Asesor de Embajada), a Antonio Clavel (Director del Himno 2014), a los hosteleros afectados por el recorrido de los desfiles, a los patrocinadores, a las personas que desinteresadamente se han ofrecido acolaborar de una forma u otra para que nuestro pueblo pueda disfrutar de cuatro d\u00edas de Fiestas de Moros y Cristianos.<\/p>\n<p>Pero sobre todo, queremos dar las gracias al conjunto de m\u00e1s de 1000 personas que conformamos la Gran Familia Festera por su comportamiento ejemplar y por esa alegr\u00eda que ha conseguido transmitir a todos los vecinos en estas Fiestas.<\/p>\n<p>Gracias.<\/p>\n<p>&nbsp;<\/p>\n","protected":false},"excerpt":{"rendered":"<p>La Junta Central de la Uni\u00f3n quiere agraceder a todas las personas y entidades que han participado y colaborado para que estas Fiestas 2014 se hayan desarrollado con completa normalidad. Al personal de Protecci\u00f3n Civil, a los voluntarios de Cruz Roja, a la Polic\u00eda Local, a los miembros de la Guardia Civil, al personal de [&hellip;]<\/p>\n","protected":false},"author":1,"featured_media":0,"comment_status":"closed","ping_status":"closed","sticky":false,"template":"","format":"standard","meta":{"footnotes":""},"categories":[3],"tags":[],"class_list":["post-997","post","type-post","status-publish","format-standard","hentry","category-noticia-general"],"_links":{"self":[{"href":"https:\/\/web.morosycristianosdeaspe.es\/index.php?rest_route=\/wp\/v2\/posts\/997","targetHints":{"allow":["GET"]}}],"collection":[{"href":"https:\/\/web.morosycristianosdeaspe.es\/index.php?rest_route=\/wp\/v2\/posts"}],"about":[{"href":"https:\/\/web.morosycristianosdeaspe.es\/index.php?rest_route=\/wp\/v2\/types\/post"}],"author":[{"embeddable":true,"href":"https:\/\/web.morosycristianosdeaspe.es\/index.php?rest_route=\/wp\/v2\/users\/1"}],"replies":[{"embeddable":true,"href":"https:\/\/web.morosycristianosdeaspe.es\/index.php?rest_route=%2Fwp%2Fv2%2Fcomments&post=997"}],"version-history":[{"count":2,"href":"https:\/\/web.morosycristianosdeaspe.es\/index.php?rest_route=\/wp\/v2\/posts\/997\/revisions"}],"predecessor-version":[{"id":999,"href":"https:\/\/web.morosycristianosdeaspe.es\/index.php?rest_route=\/wp\/v2\/posts\/997\/revisions\/999"}],"wp:attachment":[{"href":"https:\/\/web.morosycristianosdeaspe.es\/index.php?rest_route=%2Fwp%2Fv2%2Fmedia&parent=997"}],"wp:term":[{"taxonomy":"category","embeddable":true,"href":"https:\/\/web.morosycristianosdeaspe.es\/index.php?rest_route=%2Fwp%2Fv2%2Fcategories&post=997"},{"taxonomy":"post_tag","embeddable":true,"href":"https:\/\/web.morosycristianosdeaspe.es\/index.php?rest_route=%2Fwp%2Fv2%2Ftags&post=997"}],"curies":[{"name":"wp","href":"https:\/\/api.w.org\/{rel}","templated":true}]}}